{"id":189,"date":"2022-06-05T15:21:21","date_gmt":"2022-06-05T13:21:21","guid":{"rendered":"https:\/\/emiliebarcat.com\/blog\/?p=189"},"modified":"2023-03-22T14:19:33","modified_gmt":"2023-03-22T13:19:33","slug":"la-corse-au-point-de-croix-volume-2-la-corse-cote-plage-et-cote-randonnee-2-grilles-a-broder-au-point-de-croix","status":"publish","type":"post","link":"https:\/\/emiliebarcat.com\/blog\/?p=189","title":{"rendered":"La Corse au point de croix &#8211; Volume 2 &#8211; La Corse c\u00f4t\u00e9 plage et c\u00f4t\u00e9 randonn\u00e9e: 2 grilles \u00e0 broder au point de croix"},"content":{"rendered":"\n<p class=\"wp-block-paragraph\"><\/p>\n\n\n\n<p class=\"wp-block-paragraph\">Dans cet ouvrage, vous trouverez<strong>&nbsp;2 grilles compos\u00e9es chacune de 6 pages<\/strong>&nbsp;format A4 et d&rsquo;une l\u00e9gende. De jolies illustrations sur le th\u00e8me concern\u00e9 par la grille choisie, viennent agr\u00e9menter ce recueil.<\/p>\n\n\n\n<p class=\"wp-block-paragraph\">Dans cet ouvrage, vous trouverez les grilles suivantes :<\/p>\n\n\n\n<ul class=\"wp-block-list\">\n<li>La Corse c\u00f4t\u00e9 plage<\/li>\n\n\n\n<li>La Corse c\u00f4t\u00e9 randonn\u00e9e<\/li>\n<\/ul>\n\n\n\n<p class=\"wp-block-paragraph\"><strong>Attention, cet ouvrage ne comprend ni toile, ni fils.<\/strong><\/p>\n\n\n\n<p class=\"wp-block-paragraph\">En vente <a href=\"https:\/\/amzn.to\/408NZeq\" target=\"_blank\" rel=\"noreferrer noopener\">ICI<\/a><\/p>\n","protected":false},"excerpt":{"rendered":"<p>Dans cet ouvrage, vous trouverez&nbsp;2 grilles compos\u00e9es chacune de 6 pages&nbsp;format A4 et d&rsquo;une l\u00e9gende. De jolies illustrations sur le th\u00e8me concern\u00e9 par la grille choisie, viennent agr\u00e9menter ce recueil. Dans cet ouvrage, vous trouverez les grilles suivantes : Attention, cet ouvrage ne comprend ni toile, ni fils. En vente ICI<\/p>\n","protected":false},"author":2,"featured_media":105,"comment_status":"open","ping_status":"open","sticky":false,"template":"","format":"standard","meta":{"_crdt_document":"","footnotes":""},"categories":[8,7,14],"tags":[10,19],"class_list":["post-189","post","type-post","status-publish","format-standard","has-post-thumbnail","hentry","category-corse","category-grilles-de-points-de-croix","category-loisirs-creatifs","tag-loisirs-creatifs","tag-point-de-croix"],"yoast_head":"<!-- This site is optimized with the Yoast SEO plugin v27.4 - https:\/\/yoast.com\/product\/yoast-seo-wordpress\/ -->\n<title>La Corse au point de croix - Volume 2 - La Corse c\u00f4t\u00e9 plage et c\u00f4t\u00e9 randonn\u00e9e: 2 grilles \u00e0 broder au point de croix - Emilie Barcat - Publications pour loisirs Cr\u00e9atifs<\/title>\n<meta name=\"robots\" content=\"index, follow, max-snippet:-1, max-image-preview:large, max-video-preview:-1\" \/>\n<link rel=\"canonical\" href=\"https:\/\/emiliebarcat.com\/blog\/?p=189\" \/>\n<meta property=\"og:locale\" content=\"fr_FR\" \/>\n<meta property=\"og:type\" content=\"article\" \/>\n<meta property=\"og:title\" content=\"La Corse au point de croix - Volume 2 - La Corse c\u00f4t\u00e9 plage et c\u00f4t\u00e9 randonn\u00e9e: 2 grilles \u00e0 broder au point de croix - Emilie Barcat - Publications pour loisirs Cr\u00e9atifs\" \/>\n<meta property=\"og:description\" content=\"Dans cet ouvrage, vous trouverez&nbsp;2 grilles compos\u00e9es chacune de 6 pages&nbsp;format A4 et d&rsquo;une l\u00e9gende. De jolies illustrations sur le th\u00e8me concern\u00e9 par la grille choisie, viennent agr\u00e9menter ce recueil. Dans cet ouvrage, vous trouverez les grilles suivantes : Attention, cet ouvrage ne comprend ni toile, ni fils. En vente ICI\" \/>\n<meta property=\"og:url\" content=\"https:\/\/emiliebarcat.com\/blog\/?p=189\" \/>\n<meta property=\"og:site_name\" content=\"Emilie Barcat - Publications pour loisirs Cr\u00e9atifs\" \/>\n<meta property=\"article:published_time\" content=\"2022-06-05T13:21:21+00:00\" \/>\n<meta property=\"article:modified_time\" content=\"2023-03-22T13:19:33+00:00\" \/>\n<meta property=\"og:image\" content=\"https:\/\/emiliebarcat.com\/blog\/wp-content\/uploads\/2022\/06\/couv-Corse-cote-plage-randonnee.png\" \/>\n\t<meta property=\"og:image:width\" content=\"519\" \/>\n\t<meta property=\"og:image:height\" content=\"731\" \/>\n\t<meta property=\"og:image:type\" content=\"image\/png\" \/>\n<meta name=\"author\" content=\"Emilie Barcat\" \/>\n<meta name=\"twitter:card\" content=\"summary_large_image\" \/>\n<meta name=\"twitter:label1\" content=\"\u00c9crit par\" \/>\n\t<meta name=\"twitter:data1\" content=\"Emilie Barcat\" \/>\n\t<meta name=\"twitter:label2\" content=\"Dur\u00e9e de lecture estim\u00e9e\" \/>\n\t<meta name=\"twitter:data2\" content=\"1 minute\" \/>\n<script type=\"application\/ld+json\" class=\"yoast-schema-graph\">{\"@context\":\"https:\\\/\\\/schema.org\",\"@graph\":[{\"@type\":\"Article\",\"@id\":\"https:\\\/\\\/emiliebarcat.com\\\/blog\\\/?p=189#article\",\"isPartOf\":{\"@id\":\"https:\\\/\\\/emiliebarcat.com\\\/blog\\\/?p=189\"},\"author\":{\"name\":\"Emilie Barcat\",\"@id\":\"https:\\\/\\\/emiliebarcat.com\\\/blog\\\/#\\\/schema\\\/person\\\/10943c3f830ed9db61a938043ab7717c\"},\"headline\":\"La Corse au point de croix &#8211; Volume 2 &#8211; La Corse c\u00f4t\u00e9 plage et c\u00f4t\u00e9 randonn\u00e9e: 2 grilles \u00e0 broder au point de croix\",\"datePublished\":\"2022-06-05T13:21:21+00:00\",\"dateModified\":\"2023-03-22T13:19:33+00:00\",\"mainEntityOfPage\":{\"@id\":\"https:\\\/\\\/emiliebarcat.com\\\/blog\\\/?p=189\"},\"wordCount\":93,\"commentCount\":0,\"publisher\":{\"@id\":\"https:\\\/\\\/emiliebarcat.com\\\/blog\\\/#\\\/schema\\\/person\\\/dd2af1009799ce640e7e8c661b78693e\"},\"image\":{\"@id\":\"https:\\\/\\\/emiliebarcat.com\\\/blog\\\/?p=189#primaryimage\"},\"thumbnailUrl\":\"https:\\\/\\\/emiliebarcat.com\\\/blog\\\/wp-content\\\/uploads\\\/2022\\\/06\\\/couv-Corse-cote-plage-randonnee.png\",\"keywords\":[\"Loisirs cr\u00e9atifs\",\"point de croix\"],\"articleSection\":[\"Corse\",\"Grilles de points de croix\",\"Loisirs cr\u00e9atifs\"],\"inLanguage\":\"fr-FR\",\"potentialAction\":[{\"@type\":\"CommentAction\",\"name\":\"Comment\",\"target\":[\"https:\\\/\\\/emiliebarcat.com\\\/blog\\\/?p=189#respond\"]}]},{\"@type\":\"WebPage\",\"@id\":\"https:\\\/\\\/emiliebarcat.com\\\/blog\\\/?p=189\",\"url\":\"https:\\\/\\\/emiliebarcat.com\\\/blog\\\/?p=189\",\"name\":\"La Corse au point de croix - Volume 2 - La Corse c\u00f4t\u00e9 plage et c\u00f4t\u00e9 randonn\u00e9e: 2 grilles \u00e0 broder au point de croix - Emilie Barcat - Publications pour loisirs Cr\u00e9atifs\",\"isPartOf\":{\"@id\":\"https:\\\/\\\/emiliebarcat.com\\\/blog\\\/#website\"},\"primaryImageOfPage\":{\"@id\":\"https:\\\/\\\/emiliebarcat.com\\\/blog\\\/?p=189#primaryimage\"},\"image\":{\"@id\":\"https:\\\/\\\/emiliebarcat.com\\\/blog\\\/?p=189#primaryimage\"},\"thumbnailUrl\":\"https:\\\/\\\/emiliebarcat.com\\\/blog\\\/wp-content\\\/uploads\\\/2022\\\/06\\\/couv-Corse-cote-plage-randonnee.png\",\"datePublished\":\"2022-06-05T13:21:21+00:00\",\"dateModified\":\"2023-03-22T13:19:33+00:00\",\"breadcrumb\":{\"@id\":\"https:\\\/\\\/emiliebarcat.com\\\/blog\\\/?p=189#breadcrumb\"},\"inLanguage\":\"fr-FR\",\"potentialAction\":[{\"@type\":\"ReadAction\",\"target\":[\"https:\\\/\\\/emiliebarcat.com\\\/blog\\\/?p=189\"]}]},{\"@type\":\"ImageObject\",\"inLanguage\":\"fr-FR\",\"@id\":\"https:\\\/\\\/emiliebarcat.com\\\/blog\\\/?p=189#primaryimage\",\"url\":\"https:\\\/\\\/emiliebarcat.com\\\/blog\\\/wp-content\\\/uploads\\\/2022\\\/06\\\/couv-Corse-cote-plage-randonnee.png\",\"contentUrl\":\"https:\\\/\\\/emiliebarcat.com\\\/blog\\\/wp-content\\\/uploads\\\/2022\\\/06\\\/couv-Corse-cote-plage-randonnee.png\",\"width\":519,\"height\":731},{\"@type\":\"BreadcrumbList\",\"@id\":\"https:\\\/\\\/emiliebarcat.com\\\/blog\\\/?p=189#breadcrumb\",\"itemListElement\":[{\"@type\":\"ListItem\",\"position\":1,\"name\":\"Accueil\",\"item\":\"https:\\\/\\\/emiliebarcat.com\\\/blog\\\/\"},{\"@type\":\"ListItem\",\"position\":2,\"name\":\"La Corse au point de croix &#8211; Volume 2 &#8211; La Corse c\u00f4t\u00e9 plage et c\u00f4t\u00e9 randonn\u00e9e: 2 grilles \u00e0 broder au point de croix\"}]},{\"@type\":\"WebSite\",\"@id\":\"https:\\\/\\\/emiliebarcat.com\\\/blog\\\/#website\",\"url\":\"https:\\\/\\\/emiliebarcat.com\\\/blog\\\/\",\"name\":\"Emilie Barcat - Publications pour loisirs Cr\u00e9atifs\",\"description\":\"\",\"publisher\":{\"@id\":\"https:\\\/\\\/emiliebarcat.com\\\/blog\\\/#\\\/schema\\\/person\\\/dd2af1009799ce640e7e8c661b78693e\"},\"potentialAction\":[{\"@type\":\"SearchAction\",\"target\":{\"@type\":\"EntryPoint\",\"urlTemplate\":\"https:\\\/\\\/emiliebarcat.com\\\/blog\\\/?s={search_term_string}\"},\"query-input\":{\"@type\":\"PropertyValueSpecification\",\"valueRequired\":true,\"valueName\":\"search_term_string\"}}],\"inLanguage\":\"fr-FR\"},{\"@type\":[\"Person\",\"Organization\"],\"@id\":\"https:\\\/\\\/emiliebarcat.com\\\/blog\\\/#\\\/schema\\\/person\\\/dd2af1009799ce640e7e8c661b78693e\",\"name\":\"\u00c9milie Barcat\",\"image\":{\"@type\":\"ImageObject\",\"inLanguage\":\"fr-FR\",\"@id\":\"https:\\\/\\\/emiliebarcat.com\\\/blog\\\/wp-content\\\/uploads\\\/2022\\\/03\\\/logo-1.png\",\"url\":\"https:\\\/\\\/emiliebarcat.com\\\/blog\\\/wp-content\\\/uploads\\\/2022\\\/03\\\/logo-1.png\",\"contentUrl\":\"https:\\\/\\\/emiliebarcat.com\\\/blog\\\/wp-content\\\/uploads\\\/2022\\\/03\\\/logo-1.png\",\"width\":834,\"height\":599,\"caption\":\"\u00c9milie Barcat\"},\"logo\":{\"@id\":\"https:\\\/\\\/emiliebarcat.com\\\/blog\\\/wp-content\\\/uploads\\\/2022\\\/03\\\/logo-1.png\"},\"sameAs\":[\"http:\\\/\\\/emiliebarcat.com\\\/blog\"]},{\"@type\":\"Person\",\"@id\":\"https:\\\/\\\/emiliebarcat.com\\\/blog\\\/#\\\/schema\\\/person\\\/10943c3f830ed9db61a938043ab7717c\",\"name\":\"Emilie Barcat\",\"image\":{\"@type\":\"ImageObject\",\"inLanguage\":\"fr-FR\",\"@id\":\"https:\\\/\\\/secure.gravatar.com\\\/avatar\\\/aeb777a5a5272405098ead6c4c625d095fb627394cdc1c9197c18fac5b90d0cf?s=96&d=mm&r=g\",\"url\":\"https:\\\/\\\/secure.gravatar.com\\\/avatar\\\/aeb777a5a5272405098ead6c4c625d095fb627394cdc1c9197c18fac5b90d0cf?s=96&d=mm&r=g\",\"contentUrl\":\"https:\\\/\\\/secure.gravatar.com\\\/avatar\\\/aeb777a5a5272405098ead6c4c625d095fb627394cdc1c9197c18fac5b90d0cf?s=96&d=mm&r=g\",\"caption\":\"Emilie Barcat\"},\"sameAs\":[\"https:\\\/\\\/aiguilles-passion.com\\\/zeblog\\\/\"],\"url\":\"https:\\\/\\\/emiliebarcat.com\\\/blog\\\/?author=2\"}]}<\/script>\n<!-- \/ Yoast SEO plugin. -->","yoast_head_json":{"title":"La Corse au point de croix - Volume 2 - La Corse c\u00f4t\u00e9 plage et c\u00f4t\u00e9 randonn\u00e9e: 2 grilles \u00e0 broder au point de croix - Emilie Barcat - Publications pour loisirs Cr\u00e9atifs","robots":{"index":"index","follow":"follow","max-snippet":"max-snippet:-1","max-image-preview":"max-image-preview:large","max-video-preview":"max-video-preview:-1"},"canonical":"https:\/\/emiliebarcat.com\/blog\/?p=189","og_locale":"fr_FR","og_type":"article","og_title":"La Corse au point de croix - Volume 2 - La Corse c\u00f4t\u00e9 plage et c\u00f4t\u00e9 randonn\u00e9e: 2 grilles \u00e0 broder au point de croix - Emilie Barcat - Publications pour loisirs Cr\u00e9atifs","og_description":"Dans cet ouvrage, vous trouverez&nbsp;2 grilles compos\u00e9es chacune de 6 pages&nbsp;format A4 et d&rsquo;une l\u00e9gende. De jolies illustrations sur le th\u00e8me concern\u00e9 par la grille choisie, viennent agr\u00e9menter ce recueil. Dans cet ouvrage, vous trouverez les grilles suivantes : Attention, cet ouvrage ne comprend ni toile, ni fils. En vente ICI","og_url":"https:\/\/emiliebarcat.com\/blog\/?p=189","og_site_name":"Emilie Barcat - Publications pour loisirs Cr\u00e9atifs","article_published_time":"2022-06-05T13:21:21+00:00","article_modified_time":"2023-03-22T13:19:33+00:00","og_image":[{"width":519,"height":731,"url":"https:\/\/emiliebarcat.com\/blog\/wp-content\/uploads\/2022\/06\/couv-Corse-cote-plage-randonnee.png","type":"image\/png"}],"author":"Emilie Barcat","twitter_card":"summary_large_image","twitter_misc":{"\u00c9crit par":"Emilie Barcat","Dur\u00e9e de lecture estim\u00e9e":"1 minute"},"schema":{"@context":"https:\/\/schema.org","@graph":[{"@type":"Article","@id":"https:\/\/emiliebarcat.com\/blog\/?p=189#article","isPartOf":{"@id":"https:\/\/emiliebarcat.com\/blog\/?p=189"},"author":{"name":"Emilie Barcat","@id":"https:\/\/emiliebarcat.com\/blog\/#\/schema\/person\/10943c3f830ed9db61a938043ab7717c"},"headline":"La Corse au point de croix &#8211; Volume 2 &#8211; La Corse c\u00f4t\u00e9 plage et c\u00f4t\u00e9 randonn\u00e9e: 2 grilles \u00e0 broder au point de croix","datePublished":"2022-06-05T13:21:21+00:00","dateModified":"2023-03-22T13:19:33+00:00","mainEntityOfPage":{"@id":"https:\/\/emiliebarcat.com\/blog\/?p=189"},"wordCount":93,"commentCount":0,"publisher":{"@id":"https:\/\/emiliebarcat.com\/blog\/#\/schema\/person\/dd2af1009799ce640e7e8c661b78693e"},"image":{"@id":"https:\/\/emiliebarcat.com\/blog\/?p=189#primaryimage"},"thumbnailUrl":"https:\/\/emiliebarcat.com\/blog\/wp-content\/uploads\/2022\/06\/couv-Corse-cote-plage-randonnee.png","keywords":["Loisirs cr\u00e9atifs","point de croix"],"articleSection":["Corse","Grilles de points de croix","Loisirs cr\u00e9atifs"],"inLanguage":"fr-FR","potentialAction":[{"@type":"CommentAction","name":"Comment","target":["https:\/\/emiliebarcat.com\/blog\/?p=189#respond"]}]},{"@type":"WebPage","@id":"https:\/\/emiliebarcat.com\/blog\/?p=189","url":"https:\/\/emiliebarcat.com\/blog\/?p=189","name":"La Corse au point de croix - Volume 2 - La Corse c\u00f4t\u00e9 plage et c\u00f4t\u00e9 randonn\u00e9e: 2 grilles \u00e0 broder au point de croix - Emilie Barcat - Publications pour loisirs Cr\u00e9atifs","isPartOf":{"@id":"https:\/\/emiliebarcat.com\/blog\/#website"},"primaryImageOfPage":{"@id":"https:\/\/emiliebarcat.com\/blog\/?p=189#primaryimage"},"image":{"@id":"https:\/\/emiliebarcat.com\/blog\/?p=189#primaryimage"},"thumbnailUrl":"https:\/\/emiliebarcat.com\/blog\/wp-content\/uploads\/2022\/06\/couv-Corse-cote-plage-randonnee.png","datePublished":"2022-06-05T13:21:21+00:00","dateModified":"2023-03-22T13:19:33+00:00","breadcrumb":{"@id":"https:\/\/emiliebarcat.com\/blog\/?p=189#breadcrumb"},"inLanguage":"fr-FR","potentialAction":[{"@type":"ReadAction","target":["https:\/\/emiliebarcat.com\/blog\/?p=189"]}]},{"@type":"ImageObject","inLanguage":"fr-FR","@id":"https:\/\/emiliebarcat.com\/blog\/?p=189#primaryimage","url":"https:\/\/emiliebarcat.com\/blog\/wp-content\/uploads\/2022\/06\/couv-Corse-cote-plage-randonnee.png","contentUrl":"https:\/\/emiliebarcat.com\/blog\/wp-content\/uploads\/2022\/06\/couv-Corse-cote-plage-randonnee.png","width":519,"height":731},{"@type":"BreadcrumbList","@id":"https:\/\/emiliebarcat.com\/blog\/?p=189#breadcrumb","itemListElement":[{"@type":"ListItem","position":1,"name":"Accueil","item":"https:\/\/emiliebarcat.com\/blog\/"},{"@type":"ListItem","position":2,"name":"La Corse au point de croix &#8211; Volume 2 &#8211; La Corse c\u00f4t\u00e9 plage et c\u00f4t\u00e9 randonn\u00e9e: 2 grilles \u00e0 broder au point de croix"}]},{"@type":"WebSite","@id":"https:\/\/emiliebarcat.com\/blog\/#website","url":"https:\/\/emiliebarcat.com\/blog\/","name":"Emilie Barcat - Publications pour loisirs Cr\u00e9atifs","description":"","publisher":{"@id":"https:\/\/emiliebarcat.com\/blog\/#\/schema\/person\/dd2af1009799ce640e7e8c661b78693e"},"potentialAction":[{"@type":"SearchAction","target":{"@type":"EntryPoint","urlTemplate":"https:\/\/emiliebarcat.com\/blog\/?s={search_term_string}"},"query-input":{"@type":"PropertyValueSpecification","valueRequired":true,"valueName":"search_term_string"}}],"inLanguage":"fr-FR"},{"@type":["Person","Organization"],"@id":"https:\/\/emiliebarcat.com\/blog\/#\/schema\/person\/dd2af1009799ce640e7e8c661b78693e","name":"\u00c9milie Barcat","image":{"@type":"ImageObject","inLanguage":"fr-FR","@id":"https:\/\/emiliebarcat.com\/blog\/wp-content\/uploads\/2022\/03\/logo-1.png","url":"https:\/\/emiliebarcat.com\/blog\/wp-content\/uploads\/2022\/03\/logo-1.png","contentUrl":"https:\/\/emiliebarcat.com\/blog\/wp-content\/uploads\/2022\/03\/logo-1.png","width":834,"height":599,"caption":"\u00c9milie Barcat"},"logo":{"@id":"https:\/\/emiliebarcat.com\/blog\/wp-content\/uploads\/2022\/03\/logo-1.png"},"sameAs":["http:\/\/emiliebarcat.com\/blog"]},{"@type":"Person","@id":"https:\/\/emiliebarcat.com\/blog\/#\/schema\/person\/10943c3f830ed9db61a938043ab7717c","name":"Emilie Barcat","image":{"@type":"ImageObject","inLanguage":"fr-FR","@id":"https:\/\/secure.gravatar.com\/avatar\/aeb777a5a5272405098ead6c4c625d095fb627394cdc1c9197c18fac5b90d0cf?s=96&d=mm&r=g","url":"https:\/\/secure.gravatar.com\/avatar\/aeb777a5a5272405098ead6c4c625d095fb627394cdc1c9197c18fac5b90d0cf?s=96&d=mm&r=g","contentUrl":"https:\/\/secure.gravatar.com\/avatar\/aeb777a5a5272405098ead6c4c625d095fb627394cdc1c9197c18fac5b90d0cf?s=96&d=mm&r=g","caption":"Emilie Barcat"},"sameAs":["https:\/\/aiguilles-passion.com\/zeblog\/"],"url":"https:\/\/emiliebarcat.com\/blog\/?author=2"}]}},"_links":{"self":[{"href":"https:\/\/emiliebarcat.com\/blog\/index.php?rest_route=\/wp\/v2\/posts\/189","targetHints":{"allow":["GET"]}}],"collection":[{"href":"https:\/\/emiliebarcat.com\/blog\/index.php?rest_route=\/wp\/v2\/posts"}],"about":[{"href":"https:\/\/emiliebarcat.com\/blog\/index.php?rest_route=\/wp\/v2\/types\/post"}],"author":[{"embeddable":true,"href":"https:\/\/emiliebarcat.com\/blog\/index.php?rest_route=\/wp\/v2\/users\/2"}],"replies":[{"embeddable":true,"href":"https:\/\/emiliebarcat.com\/blog\/index.php?rest_route=%2Fwp%2Fv2%2Fcomments&post=189"}],"version-history":[{"count":3,"href":"https:\/\/emiliebarcat.com\/blog\/index.php?rest_route=\/wp\/v2\/posts\/189\/revisions"}],"predecessor-version":[{"id":477,"href":"https:\/\/emiliebarcat.com\/blog\/index.php?rest_route=\/wp\/v2\/posts\/189\/revisions\/477"}],"wp:featuredmedia":[{"embeddable":true,"href":"https:\/\/emiliebarcat.com\/blog\/index.php?rest_route=\/wp\/v2\/media\/105"}],"wp:attachment":[{"href":"https:\/\/emiliebarcat.com\/blog\/index.php?rest_route=%2Fwp%2Fv2%2Fmedia&parent=189"}],"wp:term":[{"taxonomy":"category","embeddable":true,"href":"https:\/\/emiliebarcat.com\/blog\/index.php?rest_route=%2Fwp%2Fv2%2Fcategories&post=189"},{"taxonomy":"post_tag","embeddable":true,"href":"https:\/\/emiliebarcat.com\/blog\/index.php?rest_route=%2Fwp%2Fv2%2Ftags&post=189"}],"curies":[{"name":"wp","href":"https:\/\/api.w.org\/{rel}","templated":true}]}}