{"id":20,"date":"2022-03-26T18:21:34","date_gmt":"2022-03-26T17:21:34","guid":{"rendered":"http:\/\/emiliebarcat.com\/blog\/?p=20"},"modified":"2023-03-22T14:21:40","modified_gmt":"2023-03-22T13:21:40","slug":"la-corse-au-point-de-croix-volume-1","status":"publish","type":"post","link":"https:\/\/emiliebarcat.com\/blog\/?p=20","title":{"rendered":"La Corse au point de croix &#8211; Volume 1"},"content":{"rendered":"\n<h2 class=\"wp-block-heading\">La flore de Corse: 4 grilles \u00e0 broder au point de croix &#8211; Cross stitch &#8211; Les arbres, les fleurs, le maquis, les fruits de Corse \u00e0 broder<\/h2>\n\n\n\n<p class=\"wp-block-paragraph\">Dans cet ouvrage, vous trouverez 4<strong>&nbsp;grilles compos\u00e9es chacune de 4 pages<\/strong>&nbsp;format A4 et d&rsquo;une l\u00e9gende. De jolies illustrations sur le th\u00e8me concern\u00e9 par la grille choisie, viennent agr\u00e9menter ce recueil.<\/p>\n\n\n\n<p class=\"wp-block-paragraph\">Dans cet ouvrage, vous trouverez les grilles suivantes :<\/p>\n\n\n\n<ul class=\"wp-block-list\">\n<li>Les arbres de Corse<\/li>\n\n\n\n<li>Les fleurs de Corse<\/li>\n\n\n\n<li>Le maquis de Corse<\/li>\n\n\n\n<li>Les fruits de Corse<\/li>\n<\/ul>\n\n\n\n<p class=\"wp-block-paragraph\"><strong>Attention, cet ouvrage ne comprend ni toile, ni fils.<\/strong><\/p>\n\n\n\n<p class=\"wp-block-paragraph\">En vente <a href=\"https:\/\/amzn.to\/3yYLPCi\" target=\"_blank\" rel=\"noreferrer noopener\">ICI<\/a><\/p>\n","protected":false},"excerpt":{"rendered":"<p>La flore de Corse: 4 grilles \u00e0 broder au point de croix &#8211; Cross stitch &#8211; Les arbres, les fleurs, le maquis, les fruits de Corse \u00e0 broder Dans cet ouvrage, vous trouverez 4&nbsp;grilles compos\u00e9es chacune de 4 pages&nbsp;format A4 et d&rsquo;une l\u00e9gende. De jolies illustrations sur le th\u00e8me concern\u00e9 par la grille choisie, viennent &hellip; <\/p>\n<p class=\"link-more\"><a href=\"https:\/\/emiliebarcat.com\/blog\/?p=20\" class=\"more-link\">Continuer la lecture<span class=\"screen-reader-text\"> de &laquo;&nbsp;La Corse au point de croix &#8211; Volume 1&nbsp;&raquo;<\/span><\/a><\/p>\n","protected":false},"author":1,"featured_media":22,"comment_status":"closed","ping_status":"open","sticky":false,"template":"","format":"standard","meta":{"_crdt_document":"","footnotes":""},"categories":[8,7,14],"tags":[32,11,31,12,33,35,10,34,13,9],"class_list":["post-20","post","type-post","status-publish","format-standard","has-post-thumbnail","hentry","category-corse","category-grilles-de-points-de-croix","category-loisirs-creatifs","tag-arbres","tag-art-et-creation","tag-corse","tag-decoration","tag-fleurs","tag-fruits","tag-loisirs-creatifs","tag-maquis","tag-passions","tag-points-comptes"],"yoast_head":"<!-- This site is optimized with the Yoast SEO plugin v27.4 - https:\/\/yoast.com\/product\/yoast-seo-wordpress\/ -->\n<title>La Corse au point de croix - Volume 1 - Emilie Barcat - Publications pour loisirs Cr\u00e9atifs<\/title>\n<meta name=\"robots\" content=\"index, follow, max-snippet:-1, max-image-preview:large, max-video-preview:-1\" \/>\n<link rel=\"canonical\" href=\"https:\/\/emiliebarcat.com\/blog\/?p=20\" \/>\n<meta property=\"og:locale\" content=\"fr_FR\" \/>\n<meta property=\"og:type\" content=\"article\" \/>\n<meta property=\"og:title\" content=\"La Corse au point de croix - Volume 1 - Emilie Barcat - Publications pour loisirs Cr\u00e9atifs\" \/>\n<meta property=\"og:description\" content=\"La flore de Corse: 4 grilles \u00e0 broder au point de croix &#8211; Cross stitch &#8211; Les arbres, les fleurs, le maquis, les fruits de Corse \u00e0 broder Dans cet ouvrage, vous trouverez 4&nbsp;grilles compos\u00e9es chacune de 4 pages&nbsp;format A4 et d&rsquo;une l\u00e9gende. De jolies illustrations sur le th\u00e8me concern\u00e9 par la grille choisie, viennent &hellip; Continuer la lecture de &laquo;&nbsp;La Corse au point de croix &#8211; Volume 1&nbsp;&raquo;\" \/>\n<meta property=\"og:url\" content=\"https:\/\/emiliebarcat.com\/blog\/?p=20\" \/>\n<meta property=\"og:site_name\" content=\"Emilie Barcat - Publications pour loisirs Cr\u00e9atifs\" \/>\n<meta property=\"article:published_time\" content=\"2022-03-26T17:21:34+00:00\" \/>\n<meta property=\"article:modified_time\" content=\"2023-03-22T13:21:40+00:00\" \/>\n<meta property=\"og:image\" content=\"https:\/\/emiliebarcat.com\/blog\/wp-content\/uploads\/2022\/03\/PDC-Corse-1.jpg\" \/>\n\t<meta property=\"og:image:width\" content=\"1000\" \/>\n\t<meta property=\"og:image:height\" content=\"1413\" \/>\n\t<meta property=\"og:image:type\" content=\"image\/jpeg\" \/>\n<meta name=\"author\" content=\"\u00c9milie Barcat\" \/>\n<meta name=\"twitter:card\" content=\"summary_large_image\" \/>\n<meta name=\"twitter:label1\" content=\"\u00c9crit par\" \/>\n\t<meta name=\"twitter:data1\" content=\"\u00c9milie Barcat\" \/>\n\t<meta name=\"twitter:label2\" content=\"Dur\u00e9e de lecture estim\u00e9e\" \/>\n\t<meta name=\"twitter:data2\" content=\"1 minute\" \/>\n<script type=\"application\/ld+json\" class=\"yoast-schema-graph\">{\"@context\":\"https:\\\/\\\/schema.org\",\"@graph\":[{\"@type\":\"Article\",\"@id\":\"https:\\\/\\\/emiliebarcat.com\\\/blog\\\/?p=20#article\",\"isPartOf\":{\"@id\":\"https:\\\/\\\/emiliebarcat.com\\\/blog\\\/?p=20\"},\"author\":{\"name\":\"\u00c9milie Barcat\",\"@id\":\"https:\\\/\\\/emiliebarcat.com\\\/blog\\\/#\\\/schema\\\/person\\\/dd2af1009799ce640e7e8c661b78693e\"},\"headline\":\"La Corse au point de croix &#8211; Volume 1\",\"datePublished\":\"2022-03-26T17:21:34+00:00\",\"dateModified\":\"2023-03-22T13:21:40+00:00\",\"mainEntityOfPage\":{\"@id\":\"https:\\\/\\\/emiliebarcat.com\\\/blog\\\/?p=20\"},\"wordCount\":106,\"publisher\":{\"@id\":\"https:\\\/\\\/emiliebarcat.com\\\/blog\\\/#\\\/schema\\\/person\\\/dd2af1009799ce640e7e8c661b78693e\"},\"image\":{\"@id\":\"https:\\\/\\\/emiliebarcat.com\\\/blog\\\/?p=20#primaryimage\"},\"thumbnailUrl\":\"https:\\\/\\\/emiliebarcat.com\\\/blog\\\/wp-content\\\/uploads\\\/2022\\\/03\\\/PDC-Corse-1.jpg\",\"keywords\":[\"Arbres\",\"Art et cr\u00e9ation\",\"Corse\",\"D\u00e9coration\",\"Fleurs\",\"Fruits\",\"Loisirs cr\u00e9atifs\",\"Maquis\",\"Passions\",\"Points compt\u00e9s\"],\"articleSection\":[\"Corse\",\"Grilles de points de croix\",\"Loisirs cr\u00e9atifs\"],\"inLanguage\":\"fr-FR\"},{\"@type\":\"WebPage\",\"@id\":\"https:\\\/\\\/emiliebarcat.com\\\/blog\\\/?p=20\",\"url\":\"https:\\\/\\\/emiliebarcat.com\\\/blog\\\/?p=20\",\"name\":\"La Corse au point de croix - Volume 1 - Emilie Barcat - Publications pour loisirs Cr\u00e9atifs\",\"isPartOf\":{\"@id\":\"https:\\\/\\\/emiliebarcat.com\\\/blog\\\/#website\"},\"primaryImageOfPage\":{\"@id\":\"https:\\\/\\\/emiliebarcat.com\\\/blog\\\/?p=20#primaryimage\"},\"image\":{\"@id\":\"https:\\\/\\\/emiliebarcat.com\\\/blog\\\/?p=20#primaryimage\"},\"thumbnailUrl\":\"https:\\\/\\\/emiliebarcat.com\\\/blog\\\/wp-content\\\/uploads\\\/2022\\\/03\\\/PDC-Corse-1.jpg\",\"datePublished\":\"2022-03-26T17:21:34+00:00\",\"dateModified\":\"2023-03-22T13:21:40+00:00\",\"breadcrumb\":{\"@id\":\"https:\\\/\\\/emiliebarcat.com\\\/blog\\\/?p=20#breadcrumb\"},\"inLanguage\":\"fr-FR\",\"potentialAction\":[{\"@type\":\"ReadAction\",\"target\":[\"https:\\\/\\\/emiliebarcat.com\\\/blog\\\/?p=20\"]}]},{\"@type\":\"ImageObject\",\"inLanguage\":\"fr-FR\",\"@id\":\"https:\\\/\\\/emiliebarcat.com\\\/blog\\\/?p=20#primaryimage\",\"url\":\"https:\\\/\\\/emiliebarcat.com\\\/blog\\\/wp-content\\\/uploads\\\/2022\\\/03\\\/PDC-Corse-1.jpg\",\"contentUrl\":\"https:\\\/\\\/emiliebarcat.com\\\/blog\\\/wp-content\\\/uploads\\\/2022\\\/03\\\/PDC-Corse-1.jpg\",\"width\":1000,\"height\":1413,\"caption\":\"La Corse au point de croix - Volume 1\"},{\"@type\":\"BreadcrumbList\",\"@id\":\"https:\\\/\\\/emiliebarcat.com\\\/blog\\\/?p=20#breadcrumb\",\"itemListElement\":[{\"@type\":\"ListItem\",\"position\":1,\"name\":\"Accueil\",\"item\":\"https:\\\/\\\/emiliebarcat.com\\\/blog\\\/\"},{\"@type\":\"ListItem\",\"position\":2,\"name\":\"La Corse au point de croix &#8211; Volume 1\"}]},{\"@type\":\"WebSite\",\"@id\":\"https:\\\/\\\/emiliebarcat.com\\\/blog\\\/#website\",\"url\":\"https:\\\/\\\/emiliebarcat.com\\\/blog\\\/\",\"name\":\"Emilie Barcat - Publications pour loisirs Cr\u00e9atifs\",\"description\":\"\",\"publisher\":{\"@id\":\"https:\\\/\\\/emiliebarcat.com\\\/blog\\\/#\\\/schema\\\/person\\\/dd2af1009799ce640e7e8c661b78693e\"},\"potentialAction\":[{\"@type\":\"SearchAction\",\"target\":{\"@type\":\"EntryPoint\",\"urlTemplate\":\"https:\\\/\\\/emiliebarcat.com\\\/blog\\\/?s={search_term_string}\"},\"query-input\":{\"@type\":\"PropertyValueSpecification\",\"valueRequired\":true,\"valueName\":\"search_term_string\"}}],\"inLanguage\":\"fr-FR\"},{\"@type\":[\"Person\",\"Organization\"],\"@id\":\"https:\\\/\\\/emiliebarcat.com\\\/blog\\\/#\\\/schema\\\/person\\\/dd2af1009799ce640e7e8c661b78693e\",\"name\":\"\u00c9milie Barcat\",\"image\":{\"@type\":\"ImageObject\",\"inLanguage\":\"fr-FR\",\"@id\":\"https:\\\/\\\/emiliebarcat.com\\\/blog\\\/wp-content\\\/uploads\\\/2022\\\/03\\\/logo-1.png\",\"url\":\"https:\\\/\\\/emiliebarcat.com\\\/blog\\\/wp-content\\\/uploads\\\/2022\\\/03\\\/logo-1.png\",\"contentUrl\":\"https:\\\/\\\/emiliebarcat.com\\\/blog\\\/wp-content\\\/uploads\\\/2022\\\/03\\\/logo-1.png\",\"width\":834,\"height\":599,\"caption\":\"\u00c9milie Barcat\"},\"logo\":{\"@id\":\"https:\\\/\\\/emiliebarcat.com\\\/blog\\\/wp-content\\\/uploads\\\/2022\\\/03\\\/logo-1.png\"},\"sameAs\":[\"http:\\\/\\\/emiliebarcat.com\\\/blog\"],\"url\":\"https:\\\/\\\/emiliebarcat.com\\\/blog\\\/?author=1\"}]}<\/script>\n<!-- \/ Yoast SEO plugin. -->","yoast_head_json":{"title":"La Corse au point de croix - Volume 1 - Emilie Barcat - Publications pour loisirs Cr\u00e9atifs","robots":{"index":"index","follow":"follow","max-snippet":"max-snippet:-1","max-image-preview":"max-image-preview:large","max-video-preview":"max-video-preview:-1"},"canonical":"https:\/\/emiliebarcat.com\/blog\/?p=20","og_locale":"fr_FR","og_type":"article","og_title":"La Corse au point de croix - Volume 1 - Emilie Barcat - Publications pour loisirs Cr\u00e9atifs","og_description":"La flore de Corse: 4 grilles \u00e0 broder au point de croix &#8211; Cross stitch &#8211; Les arbres, les fleurs, le maquis, les fruits de Corse \u00e0 broder Dans cet ouvrage, vous trouverez 4&nbsp;grilles compos\u00e9es chacune de 4 pages&nbsp;format A4 et d&rsquo;une l\u00e9gende. De jolies illustrations sur le th\u00e8me concern\u00e9 par la grille choisie, viennent &hellip; Continuer la lecture de &laquo;&nbsp;La Corse au point de croix &#8211; Volume 1&nbsp;&raquo;","og_url":"https:\/\/emiliebarcat.com\/blog\/?p=20","og_site_name":"Emilie Barcat - Publications pour loisirs Cr\u00e9atifs","article_published_time":"2022-03-26T17:21:34+00:00","article_modified_time":"2023-03-22T13:21:40+00:00","og_image":[{"width":1000,"height":1413,"url":"https:\/\/emiliebarcat.com\/blog\/wp-content\/uploads\/2022\/03\/PDC-Corse-1.jpg","type":"image\/jpeg"}],"author":"\u00c9milie Barcat","twitter_card":"summary_large_image","twitter_misc":{"\u00c9crit par":"\u00c9milie Barcat","Dur\u00e9e de lecture estim\u00e9e":"1 minute"},"schema":{"@context":"https:\/\/schema.org","@graph":[{"@type":"Article","@id":"https:\/\/emiliebarcat.com\/blog\/?p=20#article","isPartOf":{"@id":"https:\/\/emiliebarcat.com\/blog\/?p=20"},"author":{"name":"\u00c9milie Barcat","@id":"https:\/\/emiliebarcat.com\/blog\/#\/schema\/person\/dd2af1009799ce640e7e8c661b78693e"},"headline":"La Corse au point de croix &#8211; Volume 1","datePublished":"2022-03-26T17:21:34+00:00","dateModified":"2023-03-22T13:21:40+00:00","mainEntityOfPage":{"@id":"https:\/\/emiliebarcat.com\/blog\/?p=20"},"wordCount":106,"publisher":{"@id":"https:\/\/emiliebarcat.com\/blog\/#\/schema\/person\/dd2af1009799ce640e7e8c661b78693e"},"image":{"@id":"https:\/\/emiliebarcat.com\/blog\/?p=20#primaryimage"},"thumbnailUrl":"https:\/\/emiliebarcat.com\/blog\/wp-content\/uploads\/2022\/03\/PDC-Corse-1.jpg","keywords":["Arbres","Art et cr\u00e9ation","Corse","D\u00e9coration","Fleurs","Fruits","Loisirs cr\u00e9atifs","Maquis","Passions","Points compt\u00e9s"],"articleSection":["Corse","Grilles de points de croix","Loisirs cr\u00e9atifs"],"inLanguage":"fr-FR"},{"@type":"WebPage","@id":"https:\/\/emiliebarcat.com\/blog\/?p=20","url":"https:\/\/emiliebarcat.com\/blog\/?p=20","name":"La Corse au point de croix - Volume 1 - Emilie Barcat - Publications pour loisirs Cr\u00e9atifs","isPartOf":{"@id":"https:\/\/emiliebarcat.com\/blog\/#website"},"primaryImageOfPage":{"@id":"https:\/\/emiliebarcat.com\/blog\/?p=20#primaryimage"},"image":{"@id":"https:\/\/emiliebarcat.com\/blog\/?p=20#primaryimage"},"thumbnailUrl":"https:\/\/emiliebarcat.com\/blog\/wp-content\/uploads\/2022\/03\/PDC-Corse-1.jpg","datePublished":"2022-03-26T17:21:34+00:00","dateModified":"2023-03-22T13:21:40+00:00","breadcrumb":{"@id":"https:\/\/emiliebarcat.com\/blog\/?p=20#breadcrumb"},"inLanguage":"fr-FR","potentialAction":[{"@type":"ReadAction","target":["https:\/\/emiliebarcat.com\/blog\/?p=20"]}]},{"@type":"ImageObject","inLanguage":"fr-FR","@id":"https:\/\/emiliebarcat.com\/blog\/?p=20#primaryimage","url":"https:\/\/emiliebarcat.com\/blog\/wp-content\/uploads\/2022\/03\/PDC-Corse-1.jpg","contentUrl":"https:\/\/emiliebarcat.com\/blog\/wp-content\/uploads\/2022\/03\/PDC-Corse-1.jpg","width":1000,"height":1413,"caption":"La Corse au point de croix - Volume 1"},{"@type":"BreadcrumbList","@id":"https:\/\/emiliebarcat.com\/blog\/?p=20#breadcrumb","itemListElement":[{"@type":"ListItem","position":1,"name":"Accueil","item":"https:\/\/emiliebarcat.com\/blog\/"},{"@type":"ListItem","position":2,"name":"La Corse au point de croix &#8211; Volume 1"}]},{"@type":"WebSite","@id":"https:\/\/emiliebarcat.com\/blog\/#website","url":"https:\/\/emiliebarcat.com\/blog\/","name":"Emilie Barcat - Publications pour loisirs Cr\u00e9atifs","description":"","publisher":{"@id":"https:\/\/emiliebarcat.com\/blog\/#\/schema\/person\/dd2af1009799ce640e7e8c661b78693e"},"potentialAction":[{"@type":"SearchAction","target":{"@type":"EntryPoint","urlTemplate":"https:\/\/emiliebarcat.com\/blog\/?s={search_term_string}"},"query-input":{"@type":"PropertyValueSpecification","valueRequired":true,"valueName":"search_term_string"}}],"inLanguage":"fr-FR"},{"@type":["Person","Organization"],"@id":"https:\/\/emiliebarcat.com\/blog\/#\/schema\/person\/dd2af1009799ce640e7e8c661b78693e","name":"\u00c9milie Barcat","image":{"@type":"ImageObject","inLanguage":"fr-FR","@id":"https:\/\/emiliebarcat.com\/blog\/wp-content\/uploads\/2022\/03\/logo-1.png","url":"https:\/\/emiliebarcat.com\/blog\/wp-content\/uploads\/2022\/03\/logo-1.png","contentUrl":"https:\/\/emiliebarcat.com\/blog\/wp-content\/uploads\/2022\/03\/logo-1.png","width":834,"height":599,"caption":"\u00c9milie Barcat"},"logo":{"@id":"https:\/\/emiliebarcat.com\/blog\/wp-content\/uploads\/2022\/03\/logo-1.png"},"sameAs":["http:\/\/emiliebarcat.com\/blog"],"url":"https:\/\/emiliebarcat.com\/blog\/?author=1"}]}},"_links":{"self":[{"href":"https:\/\/emiliebarcat.com\/blog\/index.php?rest_route=\/wp\/v2\/posts\/20","targetHints":{"allow":["GET"]}}],"collection":[{"href":"https:\/\/emiliebarcat.com\/blog\/index.php?rest_route=\/wp\/v2\/posts"}],"about":[{"href":"https:\/\/emiliebarcat.com\/blog\/index.php?rest_route=\/wp\/v2\/types\/post"}],"author":[{"embeddable":true,"href":"https:\/\/emiliebarcat.com\/blog\/index.php?rest_route=\/wp\/v2\/users\/1"}],"replies":[{"embeddable":true,"href":"https:\/\/emiliebarcat.com\/blog\/index.php?rest_route=%2Fwp%2Fv2%2Fcomments&post=20"}],"version-history":[{"count":3,"href":"https:\/\/emiliebarcat.com\/blog\/index.php?rest_route=\/wp\/v2\/posts\/20\/revisions"}],"predecessor-version":[{"id":480,"href":"https:\/\/emiliebarcat.com\/blog\/index.php?rest_route=\/wp\/v2\/posts\/20\/revisions\/480"}],"wp:featuredmedia":[{"embeddable":true,"href":"https:\/\/emiliebarcat.com\/blog\/index.php?rest_route=\/wp\/v2\/media\/22"}],"wp:attachment":[{"href":"https:\/\/emiliebarcat.com\/blog\/index.php?rest_route=%2Fwp%2Fv2%2Fmedia&parent=20"}],"wp:term":[{"taxonomy":"category","embeddable":true,"href":"https:\/\/emiliebarcat.com\/blog\/index.php?rest_route=%2Fwp%2Fv2%2Fcategories&post=20"},{"taxonomy":"post_tag","embeddable":true,"href":"https:\/\/emiliebarcat.com\/blog\/index.php?rest_route=%2Fwp%2Fv2%2Ftags&post=20"}],"curies":[{"name":"wp","href":"https:\/\/api.w.org\/{rel}","templated":true}]}}