{"id":202,"date":"2022-06-05T15:46:29","date_gmt":"2022-06-05T13:46:29","guid":{"rendered":"https:\/\/emiliebarcat.com\/blog\/?p=202"},"modified":"2023-03-22T14:17:05","modified_gmt":"2023-03-22T13:17:05","slug":"fiches-de-couture-pour-mon-bebe-sac-a-linge-sac-a-langer","status":"publish","type":"post","link":"https:\/\/emiliebarcat.com\/blog\/?p=202","title":{"rendered":"Fiches de couture pour mon b\u00e9b\u00e9: Sac \u00e0 linge &#8211; Sac \u00e0 langer &#8211; Nid d&rsquo;ange"},"content":{"rendered":"\n<p class=\"wp-block-paragraph\">Fiches de couture avec de nombreux sch\u00e9mas et photos.<br>Explications pour coudre un&nbsp;<strong>sac \u00e0 linge<\/strong>&nbsp;(ou sac \u00e0 couches) qui pourra se transformer en sac \u00e0 dos facilement (3 pages d&rsquo;explications)<br>Explications pour coudre un&nbsp;<strong>sac \u00e0 langer<\/strong>&nbsp;et d&rsquo;un<strong>&nbsp;\u00e9tui \u00e0 biberon<\/strong>. De nombreuses poches et un&nbsp;<strong>tapis \u00e0 langer<\/strong>&nbsp;sont pr\u00e9vus (6 pages d&rsquo;explication)<br>Explications pour coudre <strong>un nid d&rsquo;ange<\/strong> (3 pages)<\/p>\n\n\n\n<p class=\"wp-block-paragraph\">En vente <a href=\"https:\/\/amzn.to\/3THKV6H\" target=\"_blank\" rel=\"noreferrer noopener\">ICI<\/a><\/p>\n","protected":false},"excerpt":{"rendered":"<p>Fiches de couture avec de nombreux sch\u00e9mas et photos.Explications pour coudre un&nbsp;sac \u00e0 linge&nbsp;(ou sac \u00e0 couches) qui pourra se transformer en sac \u00e0 dos facilement (3 pages d&rsquo;explications)Explications pour coudre un&nbsp;sac \u00e0 langer&nbsp;et d&rsquo;un&nbsp;\u00e9tui \u00e0 biberon. De nombreuses poches et un&nbsp;tapis \u00e0 langer&nbsp;sont pr\u00e9vus (6 pages d&rsquo;explication)Explications pour coudre un nid d&rsquo;ange (3 pages) &hellip; <\/p>\n<p class=\"link-more\"><a href=\"https:\/\/emiliebarcat.com\/blog\/?p=202\" class=\"more-link\">Continuer la lecture<span class=\"screen-reader-text\"> de &laquo;&nbsp;Fiches de couture pour mon b\u00e9b\u00e9: Sac \u00e0 linge &#8211; Sac \u00e0 langer &#8211; Nid d&rsquo;ange&nbsp;&raquo;<\/span><\/a><\/p>\n","protected":false},"author":2,"featured_media":115,"comment_status":"open","ping_status":"open","sticky":false,"template":"","format":"standard","meta":{"_crdt_document":"","footnotes":""},"categories":[44,14],"tags":[45,43,10],"class_list":["post-202","post","type-post","status-publish","format-standard","has-post-thumbnail","hentry","category-couture","category-loisirs-creatifs","tag-bebe","tag-couture","tag-loisirs-creatifs"],"yoast_head":"<!-- This site is optimized with the Yoast SEO plugin v27.4 - https:\/\/yoast.com\/product\/yoast-seo-wordpress\/ -->\n<title>Fiches de couture pour mon b\u00e9b\u00e9: Sac \u00e0 linge - Sac \u00e0 langer - Nid d&#039;ange - Emilie Barcat - Publications pour loisirs Cr\u00e9atifs<\/title>\n<meta name=\"robots\" content=\"index, follow, max-snippet:-1, max-image-preview:large, max-video-preview:-1\" \/>\n<link rel=\"canonical\" href=\"https:\/\/emiliebarcat.com\/blog\/?p=202\" \/>\n<meta property=\"og:locale\" content=\"fr_FR\" \/>\n<meta property=\"og:type\" content=\"article\" \/>\n<meta property=\"og:title\" content=\"Fiches de couture pour mon b\u00e9b\u00e9: Sac \u00e0 linge - Sac \u00e0 langer - Nid d&#039;ange - Emilie Barcat - Publications pour loisirs Cr\u00e9atifs\" \/>\n<meta property=\"og:description\" content=\"Fiches de couture avec de nombreux sch\u00e9mas et photos.Explications pour coudre un&nbsp;sac \u00e0 linge&nbsp;(ou sac \u00e0 couches) qui pourra se transformer en sac \u00e0 dos facilement (3 pages d&rsquo;explications)Explications pour coudre un&nbsp;sac \u00e0 langer&nbsp;et d&rsquo;un&nbsp;\u00e9tui \u00e0 biberon. De nombreuses poches et un&nbsp;tapis \u00e0 langer&nbsp;sont pr\u00e9vus (6 pages d&rsquo;explication)Explications pour coudre un nid d&rsquo;ange (3 pages) &hellip; Continuer la lecture de &laquo;&nbsp;Fiches de couture pour mon b\u00e9b\u00e9: Sac \u00e0 linge &#8211; Sac \u00e0 langer &#8211; Nid d&rsquo;ange&nbsp;&raquo;\" \/>\n<meta property=\"og:url\" content=\"https:\/\/emiliebarcat.com\/blog\/?p=202\" \/>\n<meta property=\"og:site_name\" content=\"Emilie Barcat - Publications pour loisirs Cr\u00e9atifs\" \/>\n<meta property=\"article:published_time\" content=\"2022-06-05T13:46:29+00:00\" \/>\n<meta property=\"article:modified_time\" content=\"2023-03-22T13:17:05+00:00\" \/>\n<meta property=\"og:image\" content=\"https:\/\/emiliebarcat.com\/blog\/wp-content\/uploads\/2022\/06\/fiches-tuto-sac-a-linge.jpg\" \/>\n\t<meta property=\"og:image:width\" content=\"342\" \/>\n\t<meta property=\"og:image:height\" content=\"493\" \/>\n\t<meta property=\"og:image:type\" content=\"image\/jpeg\" \/>\n<meta name=\"author\" content=\"Emilie Barcat\" \/>\n<meta name=\"twitter:card\" content=\"summary_large_image\" \/>\n<meta name=\"twitter:label1\" content=\"\u00c9crit par\" \/>\n\t<meta name=\"twitter:data1\" content=\"Emilie Barcat\" \/>\n\t<meta name=\"twitter:label2\" content=\"Dur\u00e9e de lecture estim\u00e9e\" \/>\n\t<meta name=\"twitter:data2\" content=\"1 minute\" \/>\n<script type=\"application\/ld+json\" class=\"yoast-schema-graph\">{\"@context\":\"https:\\\/\\\/schema.org\",\"@graph\":[{\"@type\":\"Article\",\"@id\":\"https:\\\/\\\/emiliebarcat.com\\\/blog\\\/?p=202#article\",\"isPartOf\":{\"@id\":\"https:\\\/\\\/emiliebarcat.com\\\/blog\\\/?p=202\"},\"author\":{\"name\":\"Emilie Barcat\",\"@id\":\"https:\\\/\\\/emiliebarcat.com\\\/blog\\\/#\\\/schema\\\/person\\\/10943c3f830ed9db61a938043ab7717c\"},\"headline\":\"Fiches de couture pour mon b\u00e9b\u00e9: Sac \u00e0 linge &#8211; Sac \u00e0 langer &#8211; Nid d&rsquo;ange\",\"datePublished\":\"2022-06-05T13:46:29+00:00\",\"dateModified\":\"2023-03-22T13:17:05+00:00\",\"mainEntityOfPage\":{\"@id\":\"https:\\\/\\\/emiliebarcat.com\\\/blog\\\/?p=202\"},\"wordCount\":88,\"commentCount\":0,\"publisher\":{\"@id\":\"https:\\\/\\\/emiliebarcat.com\\\/blog\\\/#\\\/schema\\\/person\\\/dd2af1009799ce640e7e8c661b78693e\"},\"image\":{\"@id\":\"https:\\\/\\\/emiliebarcat.com\\\/blog\\\/?p=202#primaryimage\"},\"thumbnailUrl\":\"https:\\\/\\\/emiliebarcat.com\\\/blog\\\/wp-content\\\/uploads\\\/2022\\\/06\\\/fiches-tuto-sac-a-linge.jpg\",\"keywords\":[\"B\u00e9b\u00e9\",\"Couture\",\"Loisirs cr\u00e9atifs\"],\"articleSection\":[\"Couture\",\"Loisirs cr\u00e9atifs\"],\"inLanguage\":\"fr-FR\",\"potentialAction\":[{\"@type\":\"CommentAction\",\"name\":\"Comment\",\"target\":[\"https:\\\/\\\/emiliebarcat.com\\\/blog\\\/?p=202#respond\"]}]},{\"@type\":\"WebPage\",\"@id\":\"https:\\\/\\\/emiliebarcat.com\\\/blog\\\/?p=202\",\"url\":\"https:\\\/\\\/emiliebarcat.com\\\/blog\\\/?p=202\",\"name\":\"Fiches de couture pour mon b\u00e9b\u00e9: Sac \u00e0 linge - Sac \u00e0 langer - Nid d'ange - Emilie Barcat - Publications pour loisirs Cr\u00e9atifs\",\"isPartOf\":{\"@id\":\"https:\\\/\\\/emiliebarcat.com\\\/blog\\\/#website\"},\"primaryImageOfPage\":{\"@id\":\"https:\\\/\\\/emiliebarcat.com\\\/blog\\\/?p=202#primaryimage\"},\"image\":{\"@id\":\"https:\\\/\\\/emiliebarcat.com\\\/blog\\\/?p=202#primaryimage\"},\"thumbnailUrl\":\"https:\\\/\\\/emiliebarcat.com\\\/blog\\\/wp-content\\\/uploads\\\/2022\\\/06\\\/fiches-tuto-sac-a-linge.jpg\",\"datePublished\":\"2022-06-05T13:46:29+00:00\",\"dateModified\":\"2023-03-22T13:17:05+00:00\",\"breadcrumb\":{\"@id\":\"https:\\\/\\\/emiliebarcat.com\\\/blog\\\/?p=202#breadcrumb\"},\"inLanguage\":\"fr-FR\",\"potentialAction\":[{\"@type\":\"ReadAction\",\"target\":[\"https:\\\/\\\/emiliebarcat.com\\\/blog\\\/?p=202\"]}]},{\"@type\":\"ImageObject\",\"inLanguage\":\"fr-FR\",\"@id\":\"https:\\\/\\\/emiliebarcat.com\\\/blog\\\/?p=202#primaryimage\",\"url\":\"https:\\\/\\\/emiliebarcat.com\\\/blog\\\/wp-content\\\/uploads\\\/2022\\\/06\\\/fiches-tuto-sac-a-linge.jpg\",\"contentUrl\":\"https:\\\/\\\/emiliebarcat.com\\\/blog\\\/wp-content\\\/uploads\\\/2022\\\/06\\\/fiches-tuto-sac-a-linge.jpg\",\"width\":342,\"height\":493},{\"@type\":\"BreadcrumbList\",\"@id\":\"https:\\\/\\\/emiliebarcat.com\\\/blog\\\/?p=202#breadcrumb\",\"itemListElement\":[{\"@type\":\"ListItem\",\"position\":1,\"name\":\"Accueil\",\"item\":\"https:\\\/\\\/emiliebarcat.com\\\/blog\\\/\"},{\"@type\":\"ListItem\",\"position\":2,\"name\":\"Fiches de couture pour mon b\u00e9b\u00e9: Sac \u00e0 linge &#8211; Sac \u00e0 langer &#8211; Nid d&rsquo;ange\"}]},{\"@type\":\"WebSite\",\"@id\":\"https:\\\/\\\/emiliebarcat.com\\\/blog\\\/#website\",\"url\":\"https:\\\/\\\/emiliebarcat.com\\\/blog\\\/\",\"name\":\"Emilie Barcat - Publications pour loisirs Cr\u00e9atifs\",\"description\":\"\",\"publisher\":{\"@id\":\"https:\\\/\\\/emiliebarcat.com\\\/blog\\\/#\\\/schema\\\/person\\\/dd2af1009799ce640e7e8c661b78693e\"},\"potentialAction\":[{\"@type\":\"SearchAction\",\"target\":{\"@type\":\"EntryPoint\",\"urlTemplate\":\"https:\\\/\\\/emiliebarcat.com\\\/blog\\\/?s={search_term_string}\"},\"query-input\":{\"@type\":\"PropertyValueSpecification\",\"valueRequired\":true,\"valueName\":\"search_term_string\"}}],\"inLanguage\":\"fr-FR\"},{\"@type\":[\"Person\",\"Organization\"],\"@id\":\"https:\\\/\\\/emiliebarcat.com\\\/blog\\\/#\\\/schema\\\/person\\\/dd2af1009799ce640e7e8c661b78693e\",\"name\":\"\u00c9milie Barcat\",\"image\":{\"@type\":\"ImageObject\",\"inLanguage\":\"fr-FR\",\"@id\":\"https:\\\/\\\/emiliebarcat.com\\\/blog\\\/wp-content\\\/uploads\\\/2022\\\/03\\\/logo-1.png\",\"url\":\"https:\\\/\\\/emiliebarcat.com\\\/blog\\\/wp-content\\\/uploads\\\/2022\\\/03\\\/logo-1.png\",\"contentUrl\":\"https:\\\/\\\/emiliebarcat.com\\\/blog\\\/wp-content\\\/uploads\\\/2022\\\/03\\\/logo-1.png\",\"width\":834,\"height\":599,\"caption\":\"\u00c9milie Barcat\"},\"logo\":{\"@id\":\"https:\\\/\\\/emiliebarcat.com\\\/blog\\\/wp-content\\\/uploads\\\/2022\\\/03\\\/logo-1.png\"},\"sameAs\":[\"http:\\\/\\\/emiliebarcat.com\\\/blog\"]},{\"@type\":\"Person\",\"@id\":\"https:\\\/\\\/emiliebarcat.com\\\/blog\\\/#\\\/schema\\\/person\\\/10943c3f830ed9db61a938043ab7717c\",\"name\":\"Emilie Barcat\",\"image\":{\"@type\":\"ImageObject\",\"inLanguage\":\"fr-FR\",\"@id\":\"https:\\\/\\\/secure.gravatar.com\\\/avatar\\\/aeb777a5a5272405098ead6c4c625d095fb627394cdc1c9197c18fac5b90d0cf?s=96&d=mm&r=g\",\"url\":\"https:\\\/\\\/secure.gravatar.com\\\/avatar\\\/aeb777a5a5272405098ead6c4c625d095fb627394cdc1c9197c18fac5b90d0cf?s=96&d=mm&r=g\",\"contentUrl\":\"https:\\\/\\\/secure.gravatar.com\\\/avatar\\\/aeb777a5a5272405098ead6c4c625d095fb627394cdc1c9197c18fac5b90d0cf?s=96&d=mm&r=g\",\"caption\":\"Emilie Barcat\"},\"sameAs\":[\"https:\\\/\\\/aiguilles-passion.com\\\/zeblog\\\/\"],\"url\":\"https:\\\/\\\/emiliebarcat.com\\\/blog\\\/?author=2\"}]}<\/script>\n<!-- \/ Yoast SEO plugin. -->","yoast_head_json":{"title":"Fiches de couture pour mon b\u00e9b\u00e9: Sac \u00e0 linge - Sac \u00e0 langer - Nid d'ange - Emilie Barcat - Publications pour loisirs Cr\u00e9atifs","robots":{"index":"index","follow":"follow","max-snippet":"max-snippet:-1","max-image-preview":"max-image-preview:large","max-video-preview":"max-video-preview:-1"},"canonical":"https:\/\/emiliebarcat.com\/blog\/?p=202","og_locale":"fr_FR","og_type":"article","og_title":"Fiches de couture pour mon b\u00e9b\u00e9: Sac \u00e0 linge - Sac \u00e0 langer - Nid d'ange - Emilie Barcat - Publications pour loisirs Cr\u00e9atifs","og_description":"Fiches de couture avec de nombreux sch\u00e9mas et photos.Explications pour coudre un&nbsp;sac \u00e0 linge&nbsp;(ou sac \u00e0 couches) qui pourra se transformer en sac \u00e0 dos facilement (3 pages d&rsquo;explications)Explications pour coudre un&nbsp;sac \u00e0 langer&nbsp;et d&rsquo;un&nbsp;\u00e9tui \u00e0 biberon. De nombreuses poches et un&nbsp;tapis \u00e0 langer&nbsp;sont pr\u00e9vus (6 pages d&rsquo;explication)Explications pour coudre un nid d&rsquo;ange (3 pages) &hellip; Continuer la lecture de &laquo;&nbsp;Fiches de couture pour mon b\u00e9b\u00e9: Sac \u00e0 linge &#8211; Sac \u00e0 langer &#8211; Nid d&rsquo;ange&nbsp;&raquo;","og_url":"https:\/\/emiliebarcat.com\/blog\/?p=202","og_site_name":"Emilie Barcat - Publications pour loisirs Cr\u00e9atifs","article_published_time":"2022-06-05T13:46:29+00:00","article_modified_time":"2023-03-22T13:17:05+00:00","og_image":[{"width":342,"height":493,"url":"https:\/\/emiliebarcat.com\/blog\/wp-content\/uploads\/2022\/06\/fiches-tuto-sac-a-linge.jpg","type":"image\/jpeg"}],"author":"Emilie Barcat","twitter_card":"summary_large_image","twitter_misc":{"\u00c9crit par":"Emilie Barcat","Dur\u00e9e de lecture estim\u00e9e":"1 minute"},"schema":{"@context":"https:\/\/schema.org","@graph":[{"@type":"Article","@id":"https:\/\/emiliebarcat.com\/blog\/?p=202#article","isPartOf":{"@id":"https:\/\/emiliebarcat.com\/blog\/?p=202"},"author":{"name":"Emilie Barcat","@id":"https:\/\/emiliebarcat.com\/blog\/#\/schema\/person\/10943c3f830ed9db61a938043ab7717c"},"headline":"Fiches de couture pour mon b\u00e9b\u00e9: Sac \u00e0 linge &#8211; Sac \u00e0 langer &#8211; Nid d&rsquo;ange","datePublished":"2022-06-05T13:46:29+00:00","dateModified":"2023-03-22T13:17:05+00:00","mainEntityOfPage":{"@id":"https:\/\/emiliebarcat.com\/blog\/?p=202"},"wordCount":88,"commentCount":0,"publisher":{"@id":"https:\/\/emiliebarcat.com\/blog\/#\/schema\/person\/dd2af1009799ce640e7e8c661b78693e"},"image":{"@id":"https:\/\/emiliebarcat.com\/blog\/?p=202#primaryimage"},"thumbnailUrl":"https:\/\/emiliebarcat.com\/blog\/wp-content\/uploads\/2022\/06\/fiches-tuto-sac-a-linge.jpg","keywords":["B\u00e9b\u00e9","Couture","Loisirs cr\u00e9atifs"],"articleSection":["Couture","Loisirs cr\u00e9atifs"],"inLanguage":"fr-FR","potentialAction":[{"@type":"CommentAction","name":"Comment","target":["https:\/\/emiliebarcat.com\/blog\/?p=202#respond"]}]},{"@type":"WebPage","@id":"https:\/\/emiliebarcat.com\/blog\/?p=202","url":"https:\/\/emiliebarcat.com\/blog\/?p=202","name":"Fiches de couture pour mon b\u00e9b\u00e9: Sac \u00e0 linge - Sac \u00e0 langer - Nid d'ange - Emilie Barcat - Publications pour loisirs Cr\u00e9atifs","isPartOf":{"@id":"https:\/\/emiliebarcat.com\/blog\/#website"},"primaryImageOfPage":{"@id":"https:\/\/emiliebarcat.com\/blog\/?p=202#primaryimage"},"image":{"@id":"https:\/\/emiliebarcat.com\/blog\/?p=202#primaryimage"},"thumbnailUrl":"https:\/\/emiliebarcat.com\/blog\/wp-content\/uploads\/2022\/06\/fiches-tuto-sac-a-linge.jpg","datePublished":"2022-06-05T13:46:29+00:00","dateModified":"2023-03-22T13:17:05+00:00","breadcrumb":{"@id":"https:\/\/emiliebarcat.com\/blog\/?p=202#breadcrumb"},"inLanguage":"fr-FR","potentialAction":[{"@type":"ReadAction","target":["https:\/\/emiliebarcat.com\/blog\/?p=202"]}]},{"@type":"ImageObject","inLanguage":"fr-FR","@id":"https:\/\/emiliebarcat.com\/blog\/?p=202#primaryimage","url":"https:\/\/emiliebarcat.com\/blog\/wp-content\/uploads\/2022\/06\/fiches-tuto-sac-a-linge.jpg","contentUrl":"https:\/\/emiliebarcat.com\/blog\/wp-content\/uploads\/2022\/06\/fiches-tuto-sac-a-linge.jpg","width":342,"height":493},{"@type":"BreadcrumbList","@id":"https:\/\/emiliebarcat.com\/blog\/?p=202#breadcrumb","itemListElement":[{"@type":"ListItem","position":1,"name":"Accueil","item":"https:\/\/emiliebarcat.com\/blog\/"},{"@type":"ListItem","position":2,"name":"Fiches de couture pour mon b\u00e9b\u00e9: Sac \u00e0 linge &#8211; Sac \u00e0 langer &#8211; Nid d&rsquo;ange"}]},{"@type":"WebSite","@id":"https:\/\/emiliebarcat.com\/blog\/#website","url":"https:\/\/emiliebarcat.com\/blog\/","name":"Emilie Barcat - Publications pour loisirs Cr\u00e9atifs","description":"","publisher":{"@id":"https:\/\/emiliebarcat.com\/blog\/#\/schema\/person\/dd2af1009799ce640e7e8c661b78693e"},"potentialAction":[{"@type":"SearchAction","target":{"@type":"EntryPoint","urlTemplate":"https:\/\/emiliebarcat.com\/blog\/?s={search_term_string}"},"query-input":{"@type":"PropertyValueSpecification","valueRequired":true,"valueName":"search_term_string"}}],"inLanguage":"fr-FR"},{"@type":["Person","Organization"],"@id":"https:\/\/emiliebarcat.com\/blog\/#\/schema\/person\/dd2af1009799ce640e7e8c661b78693e","name":"\u00c9milie Barcat","image":{"@type":"ImageObject","inLanguage":"fr-FR","@id":"https:\/\/emiliebarcat.com\/blog\/wp-content\/uploads\/2022\/03\/logo-1.png","url":"https:\/\/emiliebarcat.com\/blog\/wp-content\/uploads\/2022\/03\/logo-1.png","contentUrl":"https:\/\/emiliebarcat.com\/blog\/wp-content\/uploads\/2022\/03\/logo-1.png","width":834,"height":599,"caption":"\u00c9milie Barcat"},"logo":{"@id":"https:\/\/emiliebarcat.com\/blog\/wp-content\/uploads\/2022\/03\/logo-1.png"},"sameAs":["http:\/\/emiliebarcat.com\/blog"]},{"@type":"Person","@id":"https:\/\/emiliebarcat.com\/blog\/#\/schema\/person\/10943c3f830ed9db61a938043ab7717c","name":"Emilie Barcat","image":{"@type":"ImageObject","inLanguage":"fr-FR","@id":"https:\/\/secure.gravatar.com\/avatar\/aeb777a5a5272405098ead6c4c625d095fb627394cdc1c9197c18fac5b90d0cf?s=96&d=mm&r=g","url":"https:\/\/secure.gravatar.com\/avatar\/aeb777a5a5272405098ead6c4c625d095fb627394cdc1c9197c18fac5b90d0cf?s=96&d=mm&r=g","contentUrl":"https:\/\/secure.gravatar.com\/avatar\/aeb777a5a5272405098ead6c4c625d095fb627394cdc1c9197c18fac5b90d0cf?s=96&d=mm&r=g","caption":"Emilie Barcat"},"sameAs":["https:\/\/aiguilles-passion.com\/zeblog\/"],"url":"https:\/\/emiliebarcat.com\/blog\/?author=2"}]}},"_links":{"self":[{"href":"https:\/\/emiliebarcat.com\/blog\/index.php?rest_route=\/wp\/v2\/posts\/202","targetHints":{"allow":["GET"]}}],"collection":[{"href":"https:\/\/emiliebarcat.com\/blog\/index.php?rest_route=\/wp\/v2\/posts"}],"about":[{"href":"https:\/\/emiliebarcat.com\/blog\/index.php?rest_route=\/wp\/v2\/types\/post"}],"author":[{"embeddable":true,"href":"https:\/\/emiliebarcat.com\/blog\/index.php?rest_route=\/wp\/v2\/users\/2"}],"replies":[{"embeddable":true,"href":"https:\/\/emiliebarcat.com\/blog\/index.php?rest_route=%2Fwp%2Fv2%2Fcomments&post=202"}],"version-history":[{"count":4,"href":"https:\/\/emiliebarcat.com\/blog\/index.php?rest_route=\/wp\/v2\/posts\/202\/revisions"}],"predecessor-version":[{"id":474,"href":"https:\/\/emiliebarcat.com\/blog\/index.php?rest_route=\/wp\/v2\/posts\/202\/revisions\/474"}],"wp:featuredmedia":[{"embeddable":true,"href":"https:\/\/emiliebarcat.com\/blog\/index.php?rest_route=\/wp\/v2\/media\/115"}],"wp:attachment":[{"href":"https:\/\/emiliebarcat.com\/blog\/index.php?rest_route=%2Fwp%2Fv2%2Fmedia&parent=202"}],"wp:term":[{"taxonomy":"category","embeddable":true,"href":"https:\/\/emiliebarcat.com\/blog\/index.php?rest_route=%2Fwp%2Fv2%2Fcategories&post=202"},{"taxonomy":"post_tag","embeddable":true,"href":"https:\/\/emiliebarcat.com\/blog\/index.php?rest_route=%2Fwp%2Fv2%2Ftags&post=202"}],"curies":[{"name":"wp","href":"https:\/\/api.w.org\/{rel}","templated":true}]}}