{"id":442,"date":"2023-03-21T17:50:59","date_gmt":"2023-03-21T16:50:59","guid":{"rendered":"https:\/\/emiliebarcat.com\/blog\/?p=442"},"modified":"2023-03-22T14:05:38","modified_gmt":"2023-03-22T13:05:38","slug":"442","status":"publish","type":"post","link":"https:\/\/emiliebarcat.com\/blog\/?p=442","title":{"rendered":""},"content":{"rendered":"\n<figure class=\"wp-block-image size-large\"><img loading=\"lazy\" decoding=\"async\" width=\"429\" height=\"600\" src=\"https:\/\/emiliebarcat.com\/blog\/wp-content\/uploads\/2022\/06\/Couv-pochettes-de-brodeuses-429x600.jpg\" alt=\"\" class=\"wp-image-126\" srcset=\"https:\/\/emiliebarcat.com\/blog\/wp-content\/uploads\/2022\/06\/Couv-pochettes-de-brodeuses-429x600.jpg 429w, https:\/\/emiliebarcat.com\/blog\/wp-content\/uploads\/2022\/06\/Couv-pochettes-de-brodeuses-215x300.jpg 215w, https:\/\/emiliebarcat.com\/blog\/wp-content\/uploads\/2022\/06\/Couv-pochettes-de-brodeuses.jpg 520w\" sizes=\"auto, (max-width: 429px) 100vw, 429px\" \/><\/figure>\n\n\n\n<h2 class=\"wp-block-heading\">\u00ab\u00a0Je couds et brode\u00a0\u00bb des pochettes de brodeuses &#8211; Trousses \u00e0 ouvrage: Explications d\u00e9taill\u00e9es pour confection de deux mod\u00e8les diff\u00e9rents de pochettes de brodeuses &#8211; 4 motifs diff\u00e9rents propos\u00e9s.&nbsp;<\/h2>\n\n\n\n<p class=\"wp-block-paragraph\">Ce livre de la s\u00e9rie&nbsp;<em>\u00ab Je couds et brode \u00bb&nbsp;<\/em>comprend les explications d\u00e9taill\u00e9es pas \u00e0 pas pour confectionner au choix deux mod\u00e8les diff\u00e9rents de pochettes \u00e0 ouvrage.<\/p>\n\n\n\n<p class=\"wp-block-paragraph\">Le premier mod\u00e8le fait la part belle aux&nbsp;<strong>motifs anciens<\/strong>&nbsp;de couleur rouge. Quatre rabats sont pr\u00e9vus pour la fermer. Un support en bois a m\u00eame \u00e9t\u00e9 imagin\u00e9 (simple \u00e0 confectionner) afin de maintenir cette pochette bien droite pr\u00e8s de vous lorsque vous brodez.<\/p>\n\n\n\n<p class=\"wp-block-paragraph\">Le deuxi\u00e8me mod\u00e8le offre une forme plus simple et donc plus facile \u00e0 confectionner. Nous vous proposons pour ce mod\u00e8le,&nbsp;<strong>trois motifs diff\u00e9rents<\/strong>. A vous de choisir entre le motif marquoir, le motif couronne rouge ou le motif mimosa.<\/p>\n\n\n\n<p class=\"wp-block-paragraph\">De nombreux sch\u00e9mas et photos accompagnent chaque r\u00e9alisation et vous assurent la r\u00e9ussite de la confection de ces pochettes.<\/p>\n\n\n\n<p class=\"wp-block-paragraph\">En vente <a href=\"https:\/\/amzn.to\/408vPcX\" target=\"_blank\" rel=\"noreferrer noopener\">ICI<\/a><\/p>\n\n\n\n<p class=\"wp-block-paragraph\"><\/p>\n","protected":false},"excerpt":{"rendered":"<p>\u00ab\u00a0Je couds et brode\u00a0\u00bb des pochettes de brodeuses &#8211; Trousses \u00e0 ouvrage: Explications d\u00e9taill\u00e9es pour confection de deux mod\u00e8les diff\u00e9rents de pochettes de brodeuses &#8211; 4 motifs diff\u00e9rents propos\u00e9s.&nbsp; Ce livre de la s\u00e9rie&nbsp;\u00ab Je couds et brode \u00bb&nbsp;comprend les explications d\u00e9taill\u00e9es pas \u00e0 pas pour confectionner au choix deux mod\u00e8les diff\u00e9rents de pochettes \u00e0 &hellip; <\/p>\n<p class=\"link-more\"><a href=\"https:\/\/emiliebarcat.com\/blog\/?p=442\" class=\"more-link\">Continuer la lecture<span class=\"screen-reader-text\"> de &laquo;&nbsp;&nbsp;&raquo;<\/span><\/a><\/p>\n","protected":false},"author":2,"featured_media":0,"comment_status":"open","ping_status":"open","sticky":false,"template":"","format":"standard","meta":{"_crdt_document":"","footnotes":""},"categories":[1],"tags":[],"class_list":["post-442","post","type-post","status-publish","format-standard","hentry","category-non-classe"],"yoast_head":"<!-- This site is optimized with the Yoast SEO plugin v27.4 - https:\/\/yoast.com\/product\/yoast-seo-wordpress\/ -->\n<title>- Emilie Barcat - Publications pour loisirs Cr\u00e9atifs<\/title>\n<meta name=\"robots\" content=\"index, follow, max-snippet:-1, max-image-preview:large, max-video-preview:-1\" \/>\n<link rel=\"canonical\" href=\"https:\/\/emiliebarcat.com\/blog\/?p=442\" \/>\n<meta property=\"og:locale\" content=\"fr_FR\" \/>\n<meta property=\"og:type\" content=\"article\" \/>\n<meta property=\"og:title\" content=\"- Emilie Barcat - Publications pour loisirs Cr\u00e9atifs\" \/>\n<meta property=\"og:description\" content=\"\u00ab\u00a0Je couds et brode\u00a0\u00bb des pochettes de brodeuses &#8211; Trousses \u00e0 ouvrage: Explications d\u00e9taill\u00e9es pour confection de deux mod\u00e8les diff\u00e9rents de pochettes de brodeuses &#8211; 4 motifs diff\u00e9rents propos\u00e9s.&nbsp; Ce livre de la s\u00e9rie&nbsp;\u00ab Je couds et brode \u00bb&nbsp;comprend les explications d\u00e9taill\u00e9es pas \u00e0 pas pour confectionner au choix deux mod\u00e8les diff\u00e9rents de pochettes \u00e0 &hellip; Continuer la lecture de &laquo;&nbsp;&nbsp;&raquo;\" \/>\n<meta property=\"og:url\" content=\"https:\/\/emiliebarcat.com\/blog\/?p=442\" \/>\n<meta property=\"og:site_name\" content=\"Emilie Barcat - Publications pour loisirs Cr\u00e9atifs\" \/>\n<meta property=\"article:published_time\" content=\"2023-03-21T16:50:59+00:00\" \/>\n<meta property=\"article:modified_time\" content=\"2023-03-22T13:05:38+00:00\" \/>\n<meta property=\"og:image\" content=\"https:\/\/emiliebarcat.com\/blog\/wp-content\/uploads\/2022\/06\/Couv-pochettes-de-brodeuses-429x600.jpg\" \/>\n<meta name=\"author\" content=\"Emilie Barcat\" \/>\n<meta name=\"twitter:card\" content=\"summary_large_image\" \/>\n<meta name=\"twitter:label1\" content=\"\u00c9crit par\" \/>\n\t<meta name=\"twitter:data1\" content=\"Emilie Barcat\" \/>\n\t<meta name=\"twitter:label2\" content=\"Dur\u00e9e de lecture estim\u00e9e\" \/>\n\t<meta name=\"twitter:data2\" content=\"2 minutes\" \/>\n<script type=\"application\/ld+json\" class=\"yoast-schema-graph\">{\"@context\":\"https:\\\/\\\/schema.org\",\"@graph\":[{\"@type\":\"Article\",\"@id\":\"https:\\\/\\\/emiliebarcat.com\\\/blog\\\/?p=442#article\",\"isPartOf\":{\"@id\":\"https:\\\/\\\/emiliebarcat.com\\\/blog\\\/?p=442\"},\"author\":{\"name\":\"Emilie Barcat\",\"@id\":\"https:\\\/\\\/emiliebarcat.com\\\/blog\\\/#\\\/schema\\\/person\\\/10943c3f830ed9db61a938043ab7717c\"},\"headline\":\"Aucun titre\",\"datePublished\":\"2023-03-21T16:50:59+00:00\",\"dateModified\":\"2023-03-22T13:05:38+00:00\",\"mainEntityOfPage\":{\"@id\":\"https:\\\/\\\/emiliebarcat.com\\\/blog\\\/?p=442\"},\"wordCount\":183,\"commentCount\":0,\"publisher\":{\"@id\":\"https:\\\/\\\/emiliebarcat.com\\\/blog\\\/#\\\/schema\\\/person\\\/dd2af1009799ce640e7e8c661b78693e\"},\"image\":{\"@id\":\"https:\\\/\\\/emiliebarcat.com\\\/blog\\\/?p=442#primaryimage\"},\"thumbnailUrl\":\"https:\\\/\\\/emiliebarcat.com\\\/blog\\\/wp-content\\\/uploads\\\/2022\\\/06\\\/Couv-pochettes-de-brodeuses-429x600.jpg\",\"inLanguage\":\"fr-FR\",\"potentialAction\":[{\"@type\":\"CommentAction\",\"name\":\"Comment\",\"target\":[\"https:\\\/\\\/emiliebarcat.com\\\/blog\\\/?p=442#respond\"]}]},{\"@type\":\"WebPage\",\"@id\":\"https:\\\/\\\/emiliebarcat.com\\\/blog\\\/?p=442\",\"url\":\"https:\\\/\\\/emiliebarcat.com\\\/blog\\\/?p=442\",\"name\":\"- Emilie Barcat - Publications pour loisirs Cr\u00e9atifs\",\"isPartOf\":{\"@id\":\"https:\\\/\\\/emiliebarcat.com\\\/blog\\\/#website\"},\"primaryImageOfPage\":{\"@id\":\"https:\\\/\\\/emiliebarcat.com\\\/blog\\\/?p=442#primaryimage\"},\"image\":{\"@id\":\"https:\\\/\\\/emiliebarcat.com\\\/blog\\\/?p=442#primaryimage\"},\"thumbnailUrl\":\"https:\\\/\\\/emiliebarcat.com\\\/blog\\\/wp-content\\\/uploads\\\/2022\\\/06\\\/Couv-pochettes-de-brodeuses-429x600.jpg\",\"datePublished\":\"2023-03-21T16:50:59+00:00\",\"dateModified\":\"2023-03-22T13:05:38+00:00\",\"inLanguage\":\"fr-FR\",\"potentialAction\":[{\"@type\":\"ReadAction\",\"target\":[\"https:\\\/\\\/emiliebarcat.com\\\/blog\\\/?p=442\"]}]},{\"@type\":\"ImageObject\",\"inLanguage\":\"fr-FR\",\"@id\":\"https:\\\/\\\/emiliebarcat.com\\\/blog\\\/?p=442#primaryimage\",\"url\":\"https:\\\/\\\/emiliebarcat.com\\\/blog\\\/wp-content\\\/uploads\\\/2022\\\/06\\\/Couv-pochettes-de-brodeuses.jpg\",\"contentUrl\":\"https:\\\/\\\/emiliebarcat.com\\\/blog\\\/wp-content\\\/uploads\\\/2022\\\/06\\\/Couv-pochettes-de-brodeuses.jpg\",\"width\":520,\"height\":727},{\"@type\":\"WebSite\",\"@id\":\"https:\\\/\\\/emiliebarcat.com\\\/blog\\\/#website\",\"url\":\"https:\\\/\\\/emiliebarcat.com\\\/blog\\\/\",\"name\":\"Emilie Barcat - Publications pour loisirs Cr\u00e9atifs\",\"description\":\"\",\"publisher\":{\"@id\":\"https:\\\/\\\/emiliebarcat.com\\\/blog\\\/#\\\/schema\\\/person\\\/dd2af1009799ce640e7e8c661b78693e\"},\"potentialAction\":[{\"@type\":\"SearchAction\",\"target\":{\"@type\":\"EntryPoint\",\"urlTemplate\":\"https:\\\/\\\/emiliebarcat.com\\\/blog\\\/?s={search_term_string}\"},\"query-input\":{\"@type\":\"PropertyValueSpecification\",\"valueRequired\":true,\"valueName\":\"search_term_string\"}}],\"inLanguage\":\"fr-FR\"},{\"@type\":[\"Person\",\"Organization\"],\"@id\":\"https:\\\/\\\/emiliebarcat.com\\\/blog\\\/#\\\/schema\\\/person\\\/dd2af1009799ce640e7e8c661b78693e\",\"name\":\"\u00c9milie Barcat\",\"image\":{\"@type\":\"ImageObject\",\"inLanguage\":\"fr-FR\",\"@id\":\"https:\\\/\\\/emiliebarcat.com\\\/blog\\\/wp-content\\\/uploads\\\/2022\\\/03\\\/logo-1.png\",\"url\":\"https:\\\/\\\/emiliebarcat.com\\\/blog\\\/wp-content\\\/uploads\\\/2022\\\/03\\\/logo-1.png\",\"contentUrl\":\"https:\\\/\\\/emiliebarcat.com\\\/blog\\\/wp-content\\\/uploads\\\/2022\\\/03\\\/logo-1.png\",\"width\":834,\"height\":599,\"caption\":\"\u00c9milie Barcat\"},\"logo\":{\"@id\":\"https:\\\/\\\/emiliebarcat.com\\\/blog\\\/wp-content\\\/uploads\\\/2022\\\/03\\\/logo-1.png\"},\"sameAs\":[\"http:\\\/\\\/emiliebarcat.com\\\/blog\"]},{\"@type\":\"Person\",\"@id\":\"https:\\\/\\\/emiliebarcat.com\\\/blog\\\/#\\\/schema\\\/person\\\/10943c3f830ed9db61a938043ab7717c\",\"name\":\"Emilie Barcat\",\"image\":{\"@type\":\"ImageObject\",\"inLanguage\":\"fr-FR\",\"@id\":\"https:\\\/\\\/secure.gravatar.com\\\/avatar\\\/aeb777a5a5272405098ead6c4c625d095fb627394cdc1c9197c18fac5b90d0cf?s=96&d=mm&r=g\",\"url\":\"https:\\\/\\\/secure.gravatar.com\\\/avatar\\\/aeb777a5a5272405098ead6c4c625d095fb627394cdc1c9197c18fac5b90d0cf?s=96&d=mm&r=g\",\"contentUrl\":\"https:\\\/\\\/secure.gravatar.com\\\/avatar\\\/aeb777a5a5272405098ead6c4c625d095fb627394cdc1c9197c18fac5b90d0cf?s=96&d=mm&r=g\",\"caption\":\"Emilie Barcat\"},\"sameAs\":[\"https:\\\/\\\/aiguilles-passion.com\\\/zeblog\\\/\"],\"url\":\"https:\\\/\\\/emiliebarcat.com\\\/blog\\\/?author=2\"}]}<\/script>\n<!-- \/ Yoast SEO plugin. -->","yoast_head_json":{"title":"- Emilie Barcat - Publications pour loisirs Cr\u00e9atifs","robots":{"index":"index","follow":"follow","max-snippet":"max-snippet:-1","max-image-preview":"max-image-preview:large","max-video-preview":"max-video-preview:-1"},"canonical":"https:\/\/emiliebarcat.com\/blog\/?p=442","og_locale":"fr_FR","og_type":"article","og_title":"- Emilie Barcat - Publications pour loisirs Cr\u00e9atifs","og_description":"\u00ab\u00a0Je couds et brode\u00a0\u00bb des pochettes de brodeuses &#8211; Trousses \u00e0 ouvrage: Explications d\u00e9taill\u00e9es pour confection de deux mod\u00e8les diff\u00e9rents de pochettes de brodeuses &#8211; 4 motifs diff\u00e9rents propos\u00e9s.&nbsp; Ce livre de la s\u00e9rie&nbsp;\u00ab Je couds et brode \u00bb&nbsp;comprend les explications d\u00e9taill\u00e9es pas \u00e0 pas pour confectionner au choix deux mod\u00e8les diff\u00e9rents de pochettes \u00e0 &hellip; Continuer la lecture de &laquo;&nbsp;&nbsp;&raquo;","og_url":"https:\/\/emiliebarcat.com\/blog\/?p=442","og_site_name":"Emilie Barcat - Publications pour loisirs Cr\u00e9atifs","article_published_time":"2023-03-21T16:50:59+00:00","article_modified_time":"2023-03-22T13:05:38+00:00","og_image":[{"url":"https:\/\/emiliebarcat.com\/blog\/wp-content\/uploads\/2022\/06\/Couv-pochettes-de-brodeuses-429x600.jpg","type":"","width":"","height":""}],"author":"Emilie Barcat","twitter_card":"summary_large_image","twitter_misc":{"\u00c9crit par":"Emilie Barcat","Dur\u00e9e de lecture estim\u00e9e":"2 minutes"},"schema":{"@context":"https:\/\/schema.org","@graph":[{"@type":"Article","@id":"https:\/\/emiliebarcat.com\/blog\/?p=442#article","isPartOf":{"@id":"https:\/\/emiliebarcat.com\/blog\/?p=442"},"author":{"name":"Emilie Barcat","@id":"https:\/\/emiliebarcat.com\/blog\/#\/schema\/person\/10943c3f830ed9db61a938043ab7717c"},"headline":"Aucun titre","datePublished":"2023-03-21T16:50:59+00:00","dateModified":"2023-03-22T13:05:38+00:00","mainEntityOfPage":{"@id":"https:\/\/emiliebarcat.com\/blog\/?p=442"},"wordCount":183,"commentCount":0,"publisher":{"@id":"https:\/\/emiliebarcat.com\/blog\/#\/schema\/person\/dd2af1009799ce640e7e8c661b78693e"},"image":{"@id":"https:\/\/emiliebarcat.com\/blog\/?p=442#primaryimage"},"thumbnailUrl":"https:\/\/emiliebarcat.com\/blog\/wp-content\/uploads\/2022\/06\/Couv-pochettes-de-brodeuses-429x600.jpg","inLanguage":"fr-FR","potentialAction":[{"@type":"CommentAction","name":"Comment","target":["https:\/\/emiliebarcat.com\/blog\/?p=442#respond"]}]},{"@type":"WebPage","@id":"https:\/\/emiliebarcat.com\/blog\/?p=442","url":"https:\/\/emiliebarcat.com\/blog\/?p=442","name":"- Emilie Barcat - Publications pour loisirs Cr\u00e9atifs","isPartOf":{"@id":"https:\/\/emiliebarcat.com\/blog\/#website"},"primaryImageOfPage":{"@id":"https:\/\/emiliebarcat.com\/blog\/?p=442#primaryimage"},"image":{"@id":"https:\/\/emiliebarcat.com\/blog\/?p=442#primaryimage"},"thumbnailUrl":"https:\/\/emiliebarcat.com\/blog\/wp-content\/uploads\/2022\/06\/Couv-pochettes-de-brodeuses-429x600.jpg","datePublished":"2023-03-21T16:50:59+00:00","dateModified":"2023-03-22T13:05:38+00:00","inLanguage":"fr-FR","potentialAction":[{"@type":"ReadAction","target":["https:\/\/emiliebarcat.com\/blog\/?p=442"]}]},{"@type":"ImageObject","inLanguage":"fr-FR","@id":"https:\/\/emiliebarcat.com\/blog\/?p=442#primaryimage","url":"https:\/\/emiliebarcat.com\/blog\/wp-content\/uploads\/2022\/06\/Couv-pochettes-de-brodeuses.jpg","contentUrl":"https:\/\/emiliebarcat.com\/blog\/wp-content\/uploads\/2022\/06\/Couv-pochettes-de-brodeuses.jpg","width":520,"height":727},{"@type":"WebSite","@id":"https:\/\/emiliebarcat.com\/blog\/#website","url":"https:\/\/emiliebarcat.com\/blog\/","name":"Emilie Barcat - Publications pour loisirs Cr\u00e9atifs","description":"","publisher":{"@id":"https:\/\/emiliebarcat.com\/blog\/#\/schema\/person\/dd2af1009799ce640e7e8c661b78693e"},"potentialAction":[{"@type":"SearchAction","target":{"@type":"EntryPoint","urlTemplate":"https:\/\/emiliebarcat.com\/blog\/?s={search_term_string}"},"query-input":{"@type":"PropertyValueSpecification","valueRequired":true,"valueName":"search_term_string"}}],"inLanguage":"fr-FR"},{"@type":["Person","Organization"],"@id":"https:\/\/emiliebarcat.com\/blog\/#\/schema\/person\/dd2af1009799ce640e7e8c661b78693e","name":"\u00c9milie Barcat","image":{"@type":"ImageObject","inLanguage":"fr-FR","@id":"https:\/\/emiliebarcat.com\/blog\/wp-content\/uploads\/2022\/03\/logo-1.png","url":"https:\/\/emiliebarcat.com\/blog\/wp-content\/uploads\/2022\/03\/logo-1.png","contentUrl":"https:\/\/emiliebarcat.com\/blog\/wp-content\/uploads\/2022\/03\/logo-1.png","width":834,"height":599,"caption":"\u00c9milie Barcat"},"logo":{"@id":"https:\/\/emiliebarcat.com\/blog\/wp-content\/uploads\/2022\/03\/logo-1.png"},"sameAs":["http:\/\/emiliebarcat.com\/blog"]},{"@type":"Person","@id":"https:\/\/emiliebarcat.com\/blog\/#\/schema\/person\/10943c3f830ed9db61a938043ab7717c","name":"Emilie Barcat","image":{"@type":"ImageObject","inLanguage":"fr-FR","@id":"https:\/\/secure.gravatar.com\/avatar\/aeb777a5a5272405098ead6c4c625d095fb627394cdc1c9197c18fac5b90d0cf?s=96&d=mm&r=g","url":"https:\/\/secure.gravatar.com\/avatar\/aeb777a5a5272405098ead6c4c625d095fb627394cdc1c9197c18fac5b90d0cf?s=96&d=mm&r=g","contentUrl":"https:\/\/secure.gravatar.com\/avatar\/aeb777a5a5272405098ead6c4c625d095fb627394cdc1c9197c18fac5b90d0cf?s=96&d=mm&r=g","caption":"Emilie Barcat"},"sameAs":["https:\/\/aiguilles-passion.com\/zeblog\/"],"url":"https:\/\/emiliebarcat.com\/blog\/?author=2"}]}},"_links":{"self":[{"href":"https:\/\/emiliebarcat.com\/blog\/index.php?rest_route=\/wp\/v2\/posts\/442","targetHints":{"allow":["GET"]}}],"collection":[{"href":"https:\/\/emiliebarcat.com\/blog\/index.php?rest_route=\/wp\/v2\/posts"}],"about":[{"href":"https:\/\/emiliebarcat.com\/blog\/index.php?rest_route=\/wp\/v2\/types\/post"}],"author":[{"embeddable":true,"href":"https:\/\/emiliebarcat.com\/blog\/index.php?rest_route=\/wp\/v2\/users\/2"}],"replies":[{"embeddable":true,"href":"https:\/\/emiliebarcat.com\/blog\/index.php?rest_route=%2Fwp%2Fv2%2Fcomments&post=442"}],"version-history":[{"count":2,"href":"https:\/\/emiliebarcat.com\/blog\/index.php?rest_route=\/wp\/v2\/posts\/442\/revisions"}],"predecessor-version":[{"id":466,"href":"https:\/\/emiliebarcat.com\/blog\/index.php?rest_route=\/wp\/v2\/posts\/442\/revisions\/466"}],"wp:attachment":[{"href":"https:\/\/emiliebarcat.com\/blog\/index.php?rest_route=%2Fwp%2Fv2%2Fmedia&parent=442"}],"wp:term":[{"taxonomy":"category","embeddable":true,"href":"https:\/\/emiliebarcat.com\/blog\/index.php?rest_route=%2Fwp%2Fv2%2Fcategories&post=442"},{"taxonomy":"post_tag","embeddable":true,"href":"https:\/\/emiliebarcat.com\/blog\/index.php?rest_route=%2Fwp%2Fv2%2Ftags&post=442"}],"curies":[{"name":"wp","href":"https:\/\/api.w.org\/{rel}","templated":true}]}}