{"id":445,"date":"2023-03-21T18:10:51","date_gmt":"2023-03-21T17:10:51","guid":{"rendered":"https:\/\/emiliebarcat.com\/blog\/?p=445"},"modified":"2023-03-22T14:52:34","modified_gmt":"2023-03-22T13:52:34","slug":"abc-du-moyen-age","status":"publish","type":"post","link":"https:\/\/emiliebarcat.com\/blog\/?p=445","title":{"rendered":"ABC du Moyen-Age"},"content":{"rendered":"\n<figure class=\"wp-block-image size-large\"><a href=\"https:\/\/emiliebarcat.com\/blog\/\"><img loading=\"lazy\" decoding=\"async\" width=\"428\" height=\"600\" src=\"https:\/\/emiliebarcat.com\/blog\/wp-content\/uploads\/2023\/03\/Recto-ABC-moyen-age-OK-4-428x600.jpg\" alt=\"\" class=\"wp-image-451\" srcset=\"https:\/\/emiliebarcat.com\/blog\/wp-content\/uploads\/2023\/03\/Recto-ABC-moyen-age-OK-4-428x600.jpg 428w, https:\/\/emiliebarcat.com\/blog\/wp-content\/uploads\/2023\/03\/Recto-ABC-moyen-age-OK-4-214x300.jpg 214w, https:\/\/emiliebarcat.com\/blog\/wp-content\/uploads\/2023\/03\/Recto-ABC-moyen-age-OK-4-768x1076.jpg 768w, https:\/\/emiliebarcat.com\/blog\/wp-content\/uploads\/2023\/03\/Recto-ABC-moyen-age-OK-4-1096x1536.jpg 1096w, https:\/\/emiliebarcat.com\/blog\/wp-content\/uploads\/2023\/03\/Recto-ABC-moyen-age-OK-4.jpg 1152w\" sizes=\"auto, (max-width: 428px) 100vw, 428px\" \/><\/a><\/figure>\n\n\n\n<p class=\"wp-block-paragraph\">Grille pour points compt\u00e9s en 14 pages A4<\/p>\n\n\n\n<p class=\"wp-block-paragraph\">Dans cet ouvrage, vous trouverez 1 grille compos\u00e9e de 14 pages format A4 et d&rsquo;une l\u00e9gende. De jolies illustrations sur le moyen-\u00e2ge ainsi que des explications sur les motifs \u00e0 broder viennent agr\u00e9menter ce recueil.<br>Le dessin final mesure 59 cm x 73 cm sur une toile de 14 count (5,5 pts\/cm)<br>Taille du dessin = 323 x 403 points<\/p>\n\n\n\n<p class=\"wp-block-paragraph\"><strong>En vente <a href=\"https:\/\/amzn.to\/3lDmw5x\" target=\"_blank\" rel=\"noreferrer noopener\">ICI<\/a><\/strong><\/p>\n\n\n\n<p class=\"wp-block-paragraph\"><\/p>\n\n\n\n<figure class=\"wp-block-gallery has-nested-images columns-default is-cropped wp-block-gallery-1 is-layout-flex wp-block-gallery-is-layout-flex\">\n<figure class=\"wp-block-image size-large\"><img loading=\"lazy\" decoding=\"async\" width=\"600\" height=\"455\" data-id=\"457\" src=\"https:\/\/emiliebarcat.com\/blog\/wp-content\/uploads\/2023\/03\/fournitures-necessaires-600x455.png\" alt=\"\" class=\"wp-image-457\" srcset=\"https:\/\/emiliebarcat.com\/blog\/wp-content\/uploads\/2023\/03\/fournitures-necessaires-600x455.png 600w, https:\/\/emiliebarcat.com\/blog\/wp-content\/uploads\/2023\/03\/fournitures-necessaires-300x228.png 300w, https:\/\/emiliebarcat.com\/blog\/wp-content\/uploads\/2023\/03\/fournitures-necessaires-768x582.png 768w, https:\/\/emiliebarcat.com\/blog\/wp-content\/uploads\/2023\/03\/fournitures-necessaires.png 828w\" sizes=\"auto, (max-width: 600px) 100vw, 600px\" \/><\/figure>\n<\/figure>\n\n\n\n<figure class=\"wp-block-image size-large\"><img loading=\"lazy\" decoding=\"async\" width=\"600\" height=\"108\" src=\"https:\/\/emiliebarcat.com\/blog\/wp-content\/uploads\/2023\/03\/fournitures-precisions-600x108.png\" alt=\"\" class=\"wp-image-458\" srcset=\"https:\/\/emiliebarcat.com\/blog\/wp-content\/uploads\/2023\/03\/fournitures-precisions-600x108.png 600w, https:\/\/emiliebarcat.com\/blog\/wp-content\/uploads\/2023\/03\/fournitures-precisions-300x54.png 300w, https:\/\/emiliebarcat.com\/blog\/wp-content\/uploads\/2023\/03\/fournitures-precisions-768x139.png 768w, https:\/\/emiliebarcat.com\/blog\/wp-content\/uploads\/2023\/03\/fournitures-precisions.png 837w\" sizes=\"auto, (max-width: 600px) 100vw, 600px\" \/><\/figure>\n","protected":false},"excerpt":{"rendered":"<p>Grille pour points compt\u00e9s en 14 pages A4 Dans cet ouvrage, vous trouverez 1 grille compos\u00e9e de 14 pages format A4 et d&rsquo;une l\u00e9gende. De jolies illustrations sur le moyen-\u00e2ge ainsi que des explications sur les motifs \u00e0 broder viennent agr\u00e9menter ce recueil.Le dessin final mesure 59 cm x 73 cm sur une toile de &hellip; <\/p>\n<p class=\"link-more\"><a href=\"https:\/\/emiliebarcat.com\/blog\/?p=445\" class=\"more-link\">Continuer la lecture<span class=\"screen-reader-text\"> de &laquo;&nbsp;ABC du Moyen-Age&nbsp;&raquo;<\/span><\/a><\/p>\n","protected":false},"author":2,"featured_media":0,"comment_status":"open","ping_status":"open","sticky":false,"template":"","format":"standard","meta":{"_crdt_document":"","footnotes":""},"categories":[1],"tags":[],"class_list":["post-445","post","type-post","status-publish","format-standard","hentry","category-non-classe"],"yoast_head":"<!-- This site is optimized with the Yoast SEO plugin v27.4 - https:\/\/yoast.com\/product\/yoast-seo-wordpress\/ -->\n<title>ABC du Moyen-Age - Emilie Barcat - Publications pour loisirs Cr\u00e9atifs<\/title>\n<meta name=\"robots\" content=\"index, follow, max-snippet:-1, max-image-preview:large, max-video-preview:-1\" \/>\n<link rel=\"canonical\" href=\"https:\/\/emiliebarcat.com\/blog\/?p=445\" \/>\n<meta property=\"og:locale\" content=\"fr_FR\" \/>\n<meta property=\"og:type\" content=\"article\" \/>\n<meta property=\"og:title\" content=\"ABC du Moyen-Age - Emilie Barcat - Publications pour loisirs Cr\u00e9atifs\" \/>\n<meta property=\"og:description\" content=\"Grille pour points compt\u00e9s en 14 pages A4 Dans cet ouvrage, vous trouverez 1 grille compos\u00e9e de 14 pages format A4 et d&rsquo;une l\u00e9gende. De jolies illustrations sur le moyen-\u00e2ge ainsi que des explications sur les motifs \u00e0 broder viennent agr\u00e9menter ce recueil.Le dessin final mesure 59 cm x 73 cm sur une toile de &hellip; Continuer la lecture de &laquo;&nbsp;ABC du Moyen-Age&nbsp;&raquo;\" \/>\n<meta property=\"og:url\" content=\"https:\/\/emiliebarcat.com\/blog\/?p=445\" \/>\n<meta property=\"og:site_name\" content=\"Emilie Barcat - Publications pour loisirs Cr\u00e9atifs\" \/>\n<meta property=\"article:published_time\" content=\"2023-03-21T17:10:51+00:00\" \/>\n<meta property=\"article:modified_time\" content=\"2023-03-22T13:52:34+00:00\" \/>\n<meta property=\"og:image\" content=\"https:\/\/emiliebarcat.com\/blog\/wp-content\/uploads\/2023\/03\/Recto-ABC-moyen-age-OK-4-428x600.jpg\" \/>\n<meta name=\"author\" content=\"Emilie Barcat\" \/>\n<meta name=\"twitter:card\" content=\"summary_large_image\" \/>\n<meta name=\"twitter:label1\" content=\"\u00c9crit par\" \/>\n\t<meta name=\"twitter:data1\" content=\"Emilie Barcat\" \/>\n\t<meta name=\"twitter:label2\" content=\"Dur\u00e9e de lecture estim\u00e9e\" \/>\n\t<meta name=\"twitter:data2\" content=\"1 minute\" \/>\n<script type=\"application\/ld+json\" class=\"yoast-schema-graph\">{\"@context\":\"https:\\\/\\\/schema.org\",\"@graph\":[{\"@type\":\"Article\",\"@id\":\"https:\\\/\\\/emiliebarcat.com\\\/blog\\\/?p=445#article\",\"isPartOf\":{\"@id\":\"https:\\\/\\\/emiliebarcat.com\\\/blog\\\/?p=445\"},\"author\":{\"name\":\"Emilie Barcat\",\"@id\":\"https:\\\/\\\/emiliebarcat.com\\\/blog\\\/#\\\/schema\\\/person\\\/10943c3f830ed9db61a938043ab7717c\"},\"headline\":\"ABC du Moyen-Age\",\"datePublished\":\"2023-03-21T17:10:51+00:00\",\"dateModified\":\"2023-03-22T13:52:34+00:00\",\"mainEntityOfPage\":{\"@id\":\"https:\\\/\\\/emiliebarcat.com\\\/blog\\\/?p=445\"},\"wordCount\":70,\"commentCount\":0,\"publisher\":{\"@id\":\"https:\\\/\\\/emiliebarcat.com\\\/blog\\\/#\\\/schema\\\/person\\\/dd2af1009799ce640e7e8c661b78693e\"},\"image\":{\"@id\":\"https:\\\/\\\/emiliebarcat.com\\\/blog\\\/?p=445#primaryimage\"},\"thumbnailUrl\":\"https:\\\/\\\/emiliebarcat.com\\\/blog\\\/wp-content\\\/uploads\\\/2023\\\/03\\\/Recto-ABC-moyen-age-OK-4-428x600.jpg\",\"inLanguage\":\"fr-FR\",\"potentialAction\":[{\"@type\":\"CommentAction\",\"name\":\"Comment\",\"target\":[\"https:\\\/\\\/emiliebarcat.com\\\/blog\\\/?p=445#respond\"]}]},{\"@type\":\"WebPage\",\"@id\":\"https:\\\/\\\/emiliebarcat.com\\\/blog\\\/?p=445\",\"url\":\"https:\\\/\\\/emiliebarcat.com\\\/blog\\\/?p=445\",\"name\":\"ABC du Moyen-Age - Emilie Barcat - Publications pour loisirs Cr\u00e9atifs\",\"isPartOf\":{\"@id\":\"https:\\\/\\\/emiliebarcat.com\\\/blog\\\/#website\"},\"primaryImageOfPage\":{\"@id\":\"https:\\\/\\\/emiliebarcat.com\\\/blog\\\/?p=445#primaryimage\"},\"image\":{\"@id\":\"https:\\\/\\\/emiliebarcat.com\\\/blog\\\/?p=445#primaryimage\"},\"thumbnailUrl\":\"https:\\\/\\\/emiliebarcat.com\\\/blog\\\/wp-content\\\/uploads\\\/2023\\\/03\\\/Recto-ABC-moyen-age-OK-4-428x600.jpg\",\"datePublished\":\"2023-03-21T17:10:51+00:00\",\"dateModified\":\"2023-03-22T13:52:34+00:00\",\"breadcrumb\":{\"@id\":\"https:\\\/\\\/emiliebarcat.com\\\/blog\\\/?p=445#breadcrumb\"},\"inLanguage\":\"fr-FR\",\"potentialAction\":[{\"@type\":\"ReadAction\",\"target\":[\"https:\\\/\\\/emiliebarcat.com\\\/blog\\\/?p=445\"]}]},{\"@type\":\"ImageObject\",\"inLanguage\":\"fr-FR\",\"@id\":\"https:\\\/\\\/emiliebarcat.com\\\/blog\\\/?p=445#primaryimage\",\"url\":\"https:\\\/\\\/emiliebarcat.com\\\/blog\\\/wp-content\\\/uploads\\\/2023\\\/03\\\/Recto-ABC-moyen-age-OK-4.jpg\",\"contentUrl\":\"https:\\\/\\\/emiliebarcat.com\\\/blog\\\/wp-content\\\/uploads\\\/2023\\\/03\\\/Recto-ABC-moyen-age-OK-4.jpg\",\"width\":1152,\"height\":1614},{\"@type\":\"BreadcrumbList\",\"@id\":\"https:\\\/\\\/emiliebarcat.com\\\/blog\\\/?p=445#breadcrumb\",\"itemListElement\":[{\"@type\":\"ListItem\",\"position\":1,\"name\":\"Accueil\",\"item\":\"https:\\\/\\\/emiliebarcat.com\\\/blog\\\/\"},{\"@type\":\"ListItem\",\"position\":2,\"name\":\"ABC du Moyen-Age\"}]},{\"@type\":\"WebSite\",\"@id\":\"https:\\\/\\\/emiliebarcat.com\\\/blog\\\/#website\",\"url\":\"https:\\\/\\\/emiliebarcat.com\\\/blog\\\/\",\"name\":\"Emilie Barcat - Publications pour loisirs Cr\u00e9atifs\",\"description\":\"\",\"publisher\":{\"@id\":\"https:\\\/\\\/emiliebarcat.com\\\/blog\\\/#\\\/schema\\\/person\\\/dd2af1009799ce640e7e8c661b78693e\"},\"potentialAction\":[{\"@type\":\"SearchAction\",\"target\":{\"@type\":\"EntryPoint\",\"urlTemplate\":\"https:\\\/\\\/emiliebarcat.com\\\/blog\\\/?s={search_term_string}\"},\"query-input\":{\"@type\":\"PropertyValueSpecification\",\"valueRequired\":true,\"valueName\":\"search_term_string\"}}],\"inLanguage\":\"fr-FR\"},{\"@type\":[\"Person\",\"Organization\"],\"@id\":\"https:\\\/\\\/emiliebarcat.com\\\/blog\\\/#\\\/schema\\\/person\\\/dd2af1009799ce640e7e8c661b78693e\",\"name\":\"\u00c9milie Barcat\",\"image\":{\"@type\":\"ImageObject\",\"inLanguage\":\"fr-FR\",\"@id\":\"https:\\\/\\\/emiliebarcat.com\\\/blog\\\/wp-content\\\/uploads\\\/2022\\\/03\\\/logo-1.png\",\"url\":\"https:\\\/\\\/emiliebarcat.com\\\/blog\\\/wp-content\\\/uploads\\\/2022\\\/03\\\/logo-1.png\",\"contentUrl\":\"https:\\\/\\\/emiliebarcat.com\\\/blog\\\/wp-content\\\/uploads\\\/2022\\\/03\\\/logo-1.png\",\"width\":834,\"height\":599,\"caption\":\"\u00c9milie Barcat\"},\"logo\":{\"@id\":\"https:\\\/\\\/emiliebarcat.com\\\/blog\\\/wp-content\\\/uploads\\\/2022\\\/03\\\/logo-1.png\"},\"sameAs\":[\"http:\\\/\\\/emiliebarcat.com\\\/blog\"]},{\"@type\":\"Person\",\"@id\":\"https:\\\/\\\/emiliebarcat.com\\\/blog\\\/#\\\/schema\\\/person\\\/10943c3f830ed9db61a938043ab7717c\",\"name\":\"Emilie Barcat\",\"image\":{\"@type\":\"ImageObject\",\"inLanguage\":\"fr-FR\",\"@id\":\"https:\\\/\\\/secure.gravatar.com\\\/avatar\\\/aeb777a5a5272405098ead6c4c625d095fb627394cdc1c9197c18fac5b90d0cf?s=96&d=mm&r=g\",\"url\":\"https:\\\/\\\/secure.gravatar.com\\\/avatar\\\/aeb777a5a5272405098ead6c4c625d095fb627394cdc1c9197c18fac5b90d0cf?s=96&d=mm&r=g\",\"contentUrl\":\"https:\\\/\\\/secure.gravatar.com\\\/avatar\\\/aeb777a5a5272405098ead6c4c625d095fb627394cdc1c9197c18fac5b90d0cf?s=96&d=mm&r=g\",\"caption\":\"Emilie Barcat\"},\"sameAs\":[\"https:\\\/\\\/aiguilles-passion.com\\\/zeblog\\\/\"],\"url\":\"https:\\\/\\\/emiliebarcat.com\\\/blog\\\/?author=2\"}]}<\/script>\n<!-- \/ Yoast SEO plugin. -->","yoast_head_json":{"title":"ABC du Moyen-Age - Emilie Barcat - Publications pour loisirs Cr\u00e9atifs","robots":{"index":"index","follow":"follow","max-snippet":"max-snippet:-1","max-image-preview":"max-image-preview:large","max-video-preview":"max-video-preview:-1"},"canonical":"https:\/\/emiliebarcat.com\/blog\/?p=445","og_locale":"fr_FR","og_type":"article","og_title":"ABC du Moyen-Age - Emilie Barcat - Publications pour loisirs Cr\u00e9atifs","og_description":"Grille pour points compt\u00e9s en 14 pages A4 Dans cet ouvrage, vous trouverez 1 grille compos\u00e9e de 14 pages format A4 et d&rsquo;une l\u00e9gende. De jolies illustrations sur le moyen-\u00e2ge ainsi que des explications sur les motifs \u00e0 broder viennent agr\u00e9menter ce recueil.Le dessin final mesure 59 cm x 73 cm sur une toile de &hellip; Continuer la lecture de &laquo;&nbsp;ABC du Moyen-Age&nbsp;&raquo;","og_url":"https:\/\/emiliebarcat.com\/blog\/?p=445","og_site_name":"Emilie Barcat - Publications pour loisirs Cr\u00e9atifs","article_published_time":"2023-03-21T17:10:51+00:00","article_modified_time":"2023-03-22T13:52:34+00:00","og_image":[{"url":"https:\/\/emiliebarcat.com\/blog\/wp-content\/uploads\/2023\/03\/Recto-ABC-moyen-age-OK-4-428x600.jpg","type":"","width":"","height":""}],"author":"Emilie Barcat","twitter_card":"summary_large_image","twitter_misc":{"\u00c9crit par":"Emilie Barcat","Dur\u00e9e de lecture estim\u00e9e":"1 minute"},"schema":{"@context":"https:\/\/schema.org","@graph":[{"@type":"Article","@id":"https:\/\/emiliebarcat.com\/blog\/?p=445#article","isPartOf":{"@id":"https:\/\/emiliebarcat.com\/blog\/?p=445"},"author":{"name":"Emilie Barcat","@id":"https:\/\/emiliebarcat.com\/blog\/#\/schema\/person\/10943c3f830ed9db61a938043ab7717c"},"headline":"ABC du Moyen-Age","datePublished":"2023-03-21T17:10:51+00:00","dateModified":"2023-03-22T13:52:34+00:00","mainEntityOfPage":{"@id":"https:\/\/emiliebarcat.com\/blog\/?p=445"},"wordCount":70,"commentCount":0,"publisher":{"@id":"https:\/\/emiliebarcat.com\/blog\/#\/schema\/person\/dd2af1009799ce640e7e8c661b78693e"},"image":{"@id":"https:\/\/emiliebarcat.com\/blog\/?p=445#primaryimage"},"thumbnailUrl":"https:\/\/emiliebarcat.com\/blog\/wp-content\/uploads\/2023\/03\/Recto-ABC-moyen-age-OK-4-428x600.jpg","inLanguage":"fr-FR","potentialAction":[{"@type":"CommentAction","name":"Comment","target":["https:\/\/emiliebarcat.com\/blog\/?p=445#respond"]}]},{"@type":"WebPage","@id":"https:\/\/emiliebarcat.com\/blog\/?p=445","url":"https:\/\/emiliebarcat.com\/blog\/?p=445","name":"ABC du Moyen-Age - Emilie Barcat - Publications pour loisirs Cr\u00e9atifs","isPartOf":{"@id":"https:\/\/emiliebarcat.com\/blog\/#website"},"primaryImageOfPage":{"@id":"https:\/\/emiliebarcat.com\/blog\/?p=445#primaryimage"},"image":{"@id":"https:\/\/emiliebarcat.com\/blog\/?p=445#primaryimage"},"thumbnailUrl":"https:\/\/emiliebarcat.com\/blog\/wp-content\/uploads\/2023\/03\/Recto-ABC-moyen-age-OK-4-428x600.jpg","datePublished":"2023-03-21T17:10:51+00:00","dateModified":"2023-03-22T13:52:34+00:00","breadcrumb":{"@id":"https:\/\/emiliebarcat.com\/blog\/?p=445#breadcrumb"},"inLanguage":"fr-FR","potentialAction":[{"@type":"ReadAction","target":["https:\/\/emiliebarcat.com\/blog\/?p=445"]}]},{"@type":"ImageObject","inLanguage":"fr-FR","@id":"https:\/\/emiliebarcat.com\/blog\/?p=445#primaryimage","url":"https:\/\/emiliebarcat.com\/blog\/wp-content\/uploads\/2023\/03\/Recto-ABC-moyen-age-OK-4.jpg","contentUrl":"https:\/\/emiliebarcat.com\/blog\/wp-content\/uploads\/2023\/03\/Recto-ABC-moyen-age-OK-4.jpg","width":1152,"height":1614},{"@type":"BreadcrumbList","@id":"https:\/\/emiliebarcat.com\/blog\/?p=445#breadcrumb","itemListElement":[{"@type":"ListItem","position":1,"name":"Accueil","item":"https:\/\/emiliebarcat.com\/blog\/"},{"@type":"ListItem","position":2,"name":"ABC du Moyen-Age"}]},{"@type":"WebSite","@id":"https:\/\/emiliebarcat.com\/blog\/#website","url":"https:\/\/emiliebarcat.com\/blog\/","name":"Emilie Barcat - Publications pour loisirs Cr\u00e9atifs","description":"","publisher":{"@id":"https:\/\/emiliebarcat.com\/blog\/#\/schema\/person\/dd2af1009799ce640e7e8c661b78693e"},"potentialAction":[{"@type":"SearchAction","target":{"@type":"EntryPoint","urlTemplate":"https:\/\/emiliebarcat.com\/blog\/?s={search_term_string}"},"query-input":{"@type":"PropertyValueSpecification","valueRequired":true,"valueName":"search_term_string"}}],"inLanguage":"fr-FR"},{"@type":["Person","Organization"],"@id":"https:\/\/emiliebarcat.com\/blog\/#\/schema\/person\/dd2af1009799ce640e7e8c661b78693e","name":"\u00c9milie Barcat","image":{"@type":"ImageObject","inLanguage":"fr-FR","@id":"https:\/\/emiliebarcat.com\/blog\/wp-content\/uploads\/2022\/03\/logo-1.png","url":"https:\/\/emiliebarcat.com\/blog\/wp-content\/uploads\/2022\/03\/logo-1.png","contentUrl":"https:\/\/emiliebarcat.com\/blog\/wp-content\/uploads\/2022\/03\/logo-1.png","width":834,"height":599,"caption":"\u00c9milie Barcat"},"logo":{"@id":"https:\/\/emiliebarcat.com\/blog\/wp-content\/uploads\/2022\/03\/logo-1.png"},"sameAs":["http:\/\/emiliebarcat.com\/blog"]},{"@type":"Person","@id":"https:\/\/emiliebarcat.com\/blog\/#\/schema\/person\/10943c3f830ed9db61a938043ab7717c","name":"Emilie Barcat","image":{"@type":"ImageObject","inLanguage":"fr-FR","@id":"https:\/\/secure.gravatar.com\/avatar\/aeb777a5a5272405098ead6c4c625d095fb627394cdc1c9197c18fac5b90d0cf?s=96&d=mm&r=g","url":"https:\/\/secure.gravatar.com\/avatar\/aeb777a5a5272405098ead6c4c625d095fb627394cdc1c9197c18fac5b90d0cf?s=96&d=mm&r=g","contentUrl":"https:\/\/secure.gravatar.com\/avatar\/aeb777a5a5272405098ead6c4c625d095fb627394cdc1c9197c18fac5b90d0cf?s=96&d=mm&r=g","caption":"Emilie Barcat"},"sameAs":["https:\/\/aiguilles-passion.com\/zeblog\/"],"url":"https:\/\/emiliebarcat.com\/blog\/?author=2"}]}},"_links":{"self":[{"href":"https:\/\/emiliebarcat.com\/blog\/index.php?rest_route=\/wp\/v2\/posts\/445","targetHints":{"allow":["GET"]}}],"collection":[{"href":"https:\/\/emiliebarcat.com\/blog\/index.php?rest_route=\/wp\/v2\/posts"}],"about":[{"href":"https:\/\/emiliebarcat.com\/blog\/index.php?rest_route=\/wp\/v2\/types\/post"}],"author":[{"embeddable":true,"href":"https:\/\/emiliebarcat.com\/blog\/index.php?rest_route=\/wp\/v2\/users\/2"}],"replies":[{"embeddable":true,"href":"https:\/\/emiliebarcat.com\/blog\/index.php?rest_route=%2Fwp%2Fv2%2Fcomments&post=445"}],"version-history":[{"count":7,"href":"https:\/\/emiliebarcat.com\/blog\/index.php?rest_route=\/wp\/v2\/posts\/445\/revisions"}],"predecessor-version":[{"id":492,"href":"https:\/\/emiliebarcat.com\/blog\/index.php?rest_route=\/wp\/v2\/posts\/445\/revisions\/492"}],"wp:attachment":[{"href":"https:\/\/emiliebarcat.com\/blog\/index.php?rest_route=%2Fwp%2Fv2%2Fmedia&parent=445"}],"wp:term":[{"taxonomy":"category","embeddable":true,"href":"https:\/\/emiliebarcat.com\/blog\/index.php?rest_route=%2Fwp%2Fv2%2Fcategories&post=445"},{"taxonomy":"post_tag","embeddable":true,"href":"https:\/\/emiliebarcat.com\/blog\/index.php?rest_route=%2Fwp%2Fv2%2Ftags&post=445"}],"curies":[{"name":"wp","href":"https:\/\/api.w.org\/{rel}","templated":true}]}}